{"id":404470,"date":"2024-06-13T14:18:09","date_gmt":"2024-06-13T12:18:09","guid":{"rendered":"https:\/\/www.pcnen.com\/portal\/?p=404470"},"modified":"2024-06-13T14:18:09","modified_gmt":"2024-06-13T12:18:09","slug":"stano-srbija-krsi-sporazum-kada-lobira-protiv-kosova","status":"publish","type":"post","link":"https:\/\/www.pcnen.com\/portal\/2024\/06\/13\/stano-srbija-krsi-sporazum-kada-lobira-protiv-kosova\/","title":{"rendered":"Stano: Srbija kr\u0161i sporazum kada lobira protiv Kosova"},"content":{"rendered":"<p>Sporazum o putu normalizacije je va\u017eec\u0301i i obavezujuc\u0301i u cjelini i za Kosovo i za Srbiju, uklju\u010duju\u0107i i \u010dlan \u010detiri, pa lobiranje Srbije protiv Kosova predstavlja jasno kr\u0161enje sporazuma, navodi u pisanoj izjavi portparola Evropske unije Petera Stana.<\/p>\n<p>Njegova izjava, koju prenosi Radio slobodna Evropa, ukazuje da Brisel prvi put jasno potvr\u0111uje da Srbija kr\u0161i sporazum o putu ka normalizaciji sa Kosovom time \u0161to se aktivno anga\u017euje u spre\u010davanju \u010dlanstva Kosova u me\u0111unarodnim organizacijama.<\/p>\n<p>Srbija i Kosovo su u februaru 2023. postigli sporazum o putu ka normalizaciji odnosa, a u martu iste godine na sastanku u Ohridu usagla\u0161en je aneks primene tog dogovora.<\/p>\n<p>\u010clan \u010detiri sporazuma navodi da se nec\u0301e protiviti \u010dlanstvu Kosova u bilo kojoj me\u0111unarodnoj organizaciji.<\/p>\n<p>Kosovo nije uspjelo da se u\u010dlani u najstariju evropsku organizaciju jer nije ispunilo uslov koji su zacrtale va\u017ene \u010dlanice Savjeta Evropa, a koji se odnosi na proces formiranje zajednice op\u0161tina sa srpskom ve\u0107inom, \u0161to je obaveza koju Kosovo i dalje ne ispunjava.<\/p>\n<p>Upitan da potvrdi da li je me\u0111usobno priznanje cilj dijloga o normalizaciji odnosa Srbije i Kosova, Stano je naveo da se stav Brisela oko ovog pitanja nije promijenio, ve\u0107 je &#8220;ostao isti kao \u0161to je vi\u0161e puta preno\u0161eno u pro\u0161losti i kako je navedeno u kriterijumima za pristupanje&#8221;.<\/p>\n","protected":false},"excerpt":{"rendered":"<p>Sporazum o putu normalizacije je va\u017eec\u0301i i obavezujuc\u0301i u cjelini i za Kosovo i za Srbiju, uklju\u010duju\u0107i i \u010dlan \u010detiri, pa lobiranje Srbije protiv Kosova predstavlja jasno kr\u0161enje sporazuma, navodi u pisanoj izjavi portparola Evropske unije Petera Stana.<\/p>\n","protected":false},"author":1,"featured_media":404473,"comment_status":"open","ping_status":"closed","sticky":false,"template":"","format":"standard","meta":{"_seopress_robots_primary_cat":"none","_seopress_titles_title":"","_seopress_titles_desc":"","_seopress_robots_index":"","_et_pb_use_builder":"","_et_pb_old_content":"","_et_gb_content_width":"","inline_featured_image":false,"footnotes":""},"categories":[14],"tags":[],"class_list":["post-404470","post","type-post","status-publish","format-standard","has-post-thumbnail","hentry","category-vijesti"],"_links":{"self":[{"href":"https:\/\/www.pcnen.com\/portal\/wp-json\/wp\/v2\/posts\/404470","targetHints":{"allow":["GET"]}}],"collection":[{"href":"https:\/\/www.pcnen.com\/portal\/wp-json\/wp\/v2\/posts"}],"about":[{"href":"https:\/\/www.pcnen.com\/portal\/wp-json\/wp\/v2\/types\/post"}],"author":[{"embeddable":true,"href":"https:\/\/www.pcnen.com\/portal\/wp-json\/wp\/v2\/users\/1"}],"replies":[{"embeddable":true,"href":"https:\/\/www.pcnen.com\/portal\/wp-json\/wp\/v2\/comments?post=404470"}],"version-history":[{"count":1,"href":"https:\/\/www.pcnen.com\/portal\/wp-json\/wp\/v2\/posts\/404470\/revisions"}],"predecessor-version":[{"id":404474,"href":"https:\/\/www.pcnen.com\/portal\/wp-json\/wp\/v2\/posts\/404470\/revisions\/404474"}],"wp:featuredmedia":[{"embeddable":true,"href":"https:\/\/www.pcnen.com\/portal\/wp-json\/wp\/v2\/media\/404473"}],"wp:attachment":[{"href":"https:\/\/www.pcnen.com\/portal\/wp-json\/wp\/v2\/media?parent=404470"}],"wp:term":[{"taxonomy":"category","embeddable":true,"href":"https:\/\/www.pcnen.com\/portal\/wp-json\/wp\/v2\/categories?post=404470"},{"taxonomy":"post_tag","embeddable":true,"href":"https:\/\/www.pcnen.com\/portal\/wp-json\/wp\/v2\/tags?post=404470"}],"curies":[{"name":"wp","href":"https:\/\/api.w.org\/{rel}","templated":true}]}}