{"id":40447,"date":"2010-12-24T13:14:29","date_gmt":"2010-12-24T13:14:29","guid":{"rendered":"http:\/\/www.pcnen.com\/portal\/?p=40447"},"modified":"2010-12-24T13:14:29","modified_gmt":"2010-12-24T13:14:29","slug":"dukanovic-ne-zeli-da-komentarise-hapsenje-brata-sveta-marovica","status":"publish","type":"post","link":"https:\/\/www.pcnen.com\/portal\/2010\/12\/24\/dukanovic-ne-zeli-da-komentarise-hapsenje-brata-sveta-marovica\/","title":{"rendered":"\u0110ukanovi\u0107 ne zeli da komentari\u0161e hap\u0161enje brata Sveta Marovi\u0107a"},"content":{"rendered":"<p>Crnogorski premijer u ostavci Milo \u0110ukanovi\u0107 nije danas \u017eelio da komentari&scaron;e hap&scaron;enje \u010delnike budvanske op&scaron;tine, me\u0111u kojima je i brat doskora&scaron;njeg potpredsjednika Vlade Svetozara Marovi\u0107a.<\/p>\n<p>\u0110ukanovi\u0107 je novinarima kazao da je upoznat sa hap&scaron;enjima, ali da &quot;ne \u017eeli da komentari&scaron;e ono &scaron;to je u nadle\u017enosti drugih dr\u017eavnih organa&quot;. <\/p>\n","protected":false},"excerpt":{"rendered":"<p>Crnogorski premijer u ostavci Milo \u0110ukanovi\u0107 nije danas \u017eelio da komentari&scaron;e hap&scaron;enje \u010delnike budvanske op&scaron;tine, me\u0111u kojima je i brat doskora&scaron;njeg potpredsjednika Vlade Svetozara Marovi\u0107a. \u0110ukanovi\u0107 je novinarima kazao da je upoznat sa hap&scaron;enjima, ali da &quot;ne \u017eeli da komentari&scaron;e ono &scaron;to je u nadle\u017enosti drugih dr\u017eavnih organa&quot;.<\/p>\n","protected":false},"author":1,"featured_media":0,"comment_status":"open","ping_status":"closed","sticky":false,"template":"","format":"standard","meta":{"_seopress_robots_primary_cat":"","_seopress_titles_title":"","_seopress_titles_desc":"","_seopress_robots_index":"","_et_pb_use_builder":"","_et_pb_old_content":"","_et_gb_content_width":"","inline_featured_image":false,"footnotes":""},"categories":[14],"tags":[],"class_list":["post-40447","post","type-post","status-publish","format-standard","hentry","category-vijesti"],"_links":{"self":[{"href":"https:\/\/www.pcnen.com\/portal\/wp-json\/wp\/v2\/posts\/40447","targetHints":{"allow":["GET"]}}],"collection":[{"href":"https:\/\/www.pcnen.com\/portal\/wp-json\/wp\/v2\/posts"}],"about":[{"href":"https:\/\/www.pcnen.com\/portal\/wp-json\/wp\/v2\/types\/post"}],"author":[{"embeddable":true,"href":"https:\/\/www.pcnen.com\/portal\/wp-json\/wp\/v2\/users\/1"}],"replies":[{"embeddable":true,"href":"https:\/\/www.pcnen.com\/portal\/wp-json\/wp\/v2\/comments?post=40447"}],"version-history":[{"count":0,"href":"https:\/\/www.pcnen.com\/portal\/wp-json\/wp\/v2\/posts\/40447\/revisions"}],"wp:attachment":[{"href":"https:\/\/www.pcnen.com\/portal\/wp-json\/wp\/v2\/media?parent=40447"}],"wp:term":[{"taxonomy":"category","embeddable":true,"href":"https:\/\/www.pcnen.com\/portal\/wp-json\/wp\/v2\/categories?post=40447"},{"taxonomy":"post_tag","embeddable":true,"href":"https:\/\/www.pcnen.com\/portal\/wp-json\/wp\/v2\/tags?post=40447"}],"curies":[{"name":"wp","href":"https:\/\/api.w.org\/{rel}","templated":true}]}}