{"id":404466,"date":"2024-06-13T14:11:57","date_gmt":"2024-06-13T12:11:57","guid":{"rendered":"https:\/\/www.pcnen.com\/portal\/?p=404466"},"modified":"2024-06-13T14:11:57","modified_gmt":"2024-06-13T12:11:57","slug":"francuska-zabranjuje-djeci-mobilne-telefone","status":"publish","type":"post","link":"https:\/\/www.pcnen.com\/portal\/2024\/06\/13\/francuska-zabranjuje-djeci-mobilne-telefone\/","title":{"rendered":"Francuska zabranjuje djeci mobilne telefone"},"content":{"rendered":"<p>Emanuel Makron, francuski predsjednik, podr\u017ea\u0107e predlo\u017eenu zabranu kori\u0161\u0107enja pametnih telefona za mla\u0111e od 11 godina i dru\u0161tvenih mre\u017ea za mla\u0111e od 15 godina \u0161irom Francuske.<\/p>\n<p>Makron podr\u017eava prijedloge iznesene u izvje\u0161taju eksperata koje je ranije ove godine naru\u010dila Jelisejska palata usred sve ve\u0107e zabrinutosti zbog negativnih efekata upotrebe tehnologije i dru\u0161tvenih medija na djecu i tinejd\u017eere.<\/p>\n<p>Makron je to pitanje uvrstio u svoju predsjedni\u010dku agendu po\u010detkom godine usred pada rejtinga odobravanja.<\/p>\n<p>Ali nema rije\u010di o tome kako bi takva op\u0161ta zabrana bila sprovedena, a zakonodavci sada treba da odlu\u010de koje aplikacije \u0107e se kvalifikovati za zabranu i da iznesu sitnije detalje o sprovo\u0111enju preporu\u010denih mjera, prenosi B92.<\/p>\n<p>Preporu\u010deno je da se djeci mla\u0111oj od 11 godina ne smije dozvoliti da koriste pametni telefon i da im se ne smije dati pametni telefon sa pristupom internetu prije 13. godine.<\/p>\n<p>Aplikacije na dru\u0161tvenim mre\u017eama bi trebale biti zabranjene za sve mla\u0111e od 15 godina, dodaju, a maloljetnici stariji od 15 godina trebaju imati pristup samo platformama koje se smatraju &#8220;eti\u010dkim&#8221; &#8211; iako u izvje\u0161taju nije precizirano koje bi platforme bile isklju\u010dene iz takvih ograni\u010denja.<\/p>\n<p>Trenutno nema vremenskog okvira za dono\u0161enje novog zakona i nejasno je u kojoj mjeri bi on slijedio preporuke stru\u010dnjaka.<\/p>\n<p>Grupa je rekla da bi svi budu\u0107i potezi trebali biti fokusirani na poo\u0161travanje pravila za tehnolo\u0161ke kompanije.<\/p>\n<p>Na\u010din na koji \u0107e takva zabrana biti sprovedena ostaje nejasan, a komentatori su podijeljeni oko toga da li \u0107e proizvo\u0111a\u010di aplikacija i tehnolo\u0161ke kompanije biti primorani da ugrade starosna ograni\u010denja u svoje aplikacije ili \u0107e roditelji snositi odgovornost za sprovo\u0111enje zabrane kod ku\u0107e.<\/p>\n<p>Neki alati za ograni\u010davanje vremena na ekranu i vremena rada na aplikacijama dru\u0161tvenih medija su ve\u0107 ugra\u0111eni u ve\u0107inu pametnih telefona, ali ta ograni\u010denja korisnik mo\u017ee da promijeni u bilo kom trenutku.<\/p>\n<p>Ovo je izazvalo pitanja da li \u0107e francuska vlada nastojati da uvede zakon koji obavezuje tehnolo\u0161ke kompanije da omogu\u0107e neku vrstu alata za verifikaciju starosti.<\/p>\n<p>Olivije Er\u010dajd, predava\u010d informacionih i komunikacionih nauka, rekao je za AFP u januaru da se klju\u010dna pitanja usredsre\u0111uju na pravnu osnovu i dru\u0161tvenu prihvatljivost takve obaveze.<\/p>\n<p>&#8220;Ova vrsta mjera bila bi bez presedana u jednoj demokratskoj evropskoj zemlji&#8221;, dodao je on.<\/p>\n<p>Ali postoji niz dokaza koji ukazuju na to da upotreba dru\u0161tvenih medija negativno uti\u010de na mentalno zdravlje mladih.<\/p>\n","protected":false},"excerpt":{"rendered":"<p>Emanuel Makron, francuski predsjednik, podr\u017ea\u0107e predlo\u017eenu zabranu kori\u0161\u0107enja pametnih telefona za mla\u0111e od 11 godina i dru\u0161tvenih mre\u017ea za mla\u0111e od 15 godina \u0161irom Francuske. Makron podr\u017eava prijedloge iznesene u izvje\u0161taju eksperata koje je ranije ove godine naru\u010dila Jelisejska palata usred sve ve\u0107e zabrinutosti zbog negativnih efekata upotrebe tehnologije i dru\u0161tvenih medija na djecu i [&hellip;]<\/p>\n","protected":false},"author":1,"featured_media":393892,"comment_status":"open","ping_status":"closed","sticky":false,"template":"","format":"standard","meta":{"_seopress_robots_primary_cat":"none","_seopress_titles_title":"","_seopress_titles_desc":"","_seopress_robots_index":"","_et_pb_use_builder":"","_et_pb_old_content":"","_et_gb_content_width":"","inline_featured_image":false,"footnotes":""},"categories":[14],"tags":[],"class_list":["post-404466","post","type-post","status-publish","format-standard","has-post-thumbnail","hentry","category-vijesti"],"_links":{"self":[{"href":"https:\/\/www.pcnen.com\/portal\/wp-json\/wp\/v2\/posts\/404466","targetHints":{"allow":["GET"]}}],"collection":[{"href":"https:\/\/www.pcnen.com\/portal\/wp-json\/wp\/v2\/posts"}],"about":[{"href":"https:\/\/www.pcnen.com\/portal\/wp-json\/wp\/v2\/types\/post"}],"author":[{"embeddable":true,"href":"https:\/\/www.pcnen.com\/portal\/wp-json\/wp\/v2\/users\/1"}],"replies":[{"embeddable":true,"href":"https:\/\/www.pcnen.com\/portal\/wp-json\/wp\/v2\/comments?post=404466"}],"version-history":[{"count":1,"href":"https:\/\/www.pcnen.com\/portal\/wp-json\/wp\/v2\/posts\/404466\/revisions"}],"predecessor-version":[{"id":404469,"href":"https:\/\/www.pcnen.com\/portal\/wp-json\/wp\/v2\/posts\/404466\/revisions\/404469"}],"wp:featuredmedia":[{"embeddable":true,"href":"https:\/\/www.pcnen.com\/portal\/wp-json\/wp\/v2\/media\/393892"}],"wp:attachment":[{"href":"https:\/\/www.pcnen.com\/portal\/wp-json\/wp\/v2\/media?parent=404466"}],"wp:term":[{"taxonomy":"category","embeddable":true,"href":"https:\/\/www.pcnen.com\/portal\/wp-json\/wp\/v2\/categories?post=404466"},{"taxonomy":"post_tag","embeddable":true,"href":"https:\/\/www.pcnen.com\/portal\/wp-json\/wp\/v2\/tags?post=404466"}],"curies":[{"name":"wp","href":"https:\/\/api.w.org\/{rel}","templated":true}]}}