{"id":404443,"date":"2024-06-13T10:47:19","date_gmt":"2024-06-13T08:47:19","guid":{"rendered":"https:\/\/www.pcnen.com\/portal\/?p=404443"},"modified":"2024-06-13T10:47:35","modified_gmt":"2024-06-13T08:47:35","slug":"istrazivanje-brak-sa-pripadnicima-romske-zajednice-neprihvatljiv-za-54-odsto-gradjana","status":"publish","type":"post","link":"https:\/\/www.pcnen.com\/portal\/2024\/06\/13\/istrazivanje-brak-sa-pripadnicima-romske-zajednice-neprihvatljiv-za-54-odsto-gradjana\/","title":{"rendered":"Istra\u017eivanje: Brak sa pripadnicima romske zajednice neprihvatljiv za 54 odsto gra\u0111ana"},"content":{"rendered":"<p>U Crnoj Gori je najprisutnija diskriminacija zbog politi\u010dkih uvjerenja, na drugom mjestu je kriterijum seksualne orijentacije &#8211; budu\u0107i da 68,1 odsto gra\u0111ana vjeruje da taj faktor naj\u010de\u0161\u0107e izaziva diskriminaciju, dok \u010dak 64,3 odsto gra\u0111ana smatra da je uzrok diskriminacije nacionalna pripadnost.<\/p>\n<p>Ovo su neki od klju\u010dnih rezultata istra\u017eivanja o obrascima diskriminacije prema manjinama u Crnoj Gori, koje je NVO Gra\u0111anska alijansa realizovala u saradnji sa agencijom DAMAR, u sklopu projekta \u201eSlavimo razli\u010ditost. Njegujemo kulture\u201c, koji je podr\u017eao Fond za za\u0161titu i ostvarivanje manjinskih prava.<\/p>\n<p>Prema ovom istra\u017eivanju, svaki deseti ispitanik se nekada osje\u0107ao ugro\u017eeno zbog svog nacionalnog identiteta, a ve\u0107ina sa takvim iskustvom kao klju\u010dni problem navodi pote\u0161ko\u0107e pri dobijanju posla, posebno u javnom sektoru, prenosi RTCG.<\/p>\n<p>&#8220;Svaki drugi gra\u0111anin\/ka vjeruje da se politi\u010dke partije u svom programu nedovoljno bave manjinama, dok 51,8 odsto gra\u0111ana\/ki smatra da su pripadnici njihove nacionalne zajednice nedovoljno zastupljeni na mjestima odlu\u010divanja na dr\u017eavnom nivou&#8221;, isti\u010du iz Gra\u0111anske alijanse.<\/p>\n<p>Navode da \u010dak vi\u0161e od 75 odsto ispitanika smatra da su Romi i Romkinje diskriminisani u Crnoj Gori, a njih 54 odsto ne bi bilo u braku sa partnerkom ili partnerom koji pripada romskoj zajednici.<\/p>\n<p>&#8220;Zabrinjavaju\u0107e je \u0161to su ispitanici pokazali prili\u010dno nizak stepen informisanosti o afirmativnim mjerama za pripadnike manjinskih nacionalnih zajednica, dok je poznavanje njihovih kultura i obi\u010daja dominantno vezano za li\u010dne kontakte, budu\u0107i da i sami gra\u0111ani\/ke smatraju da se u na\u0161em obrazovnom sistemu o tim temama nedovoljno u\u010di&#8221;, poru\u010duju iz Gra\u0111anske alijanse.<\/p>\n<p>Isti\u010du da posebnu pa\u017enju privla\u010di i podatak da svaki tre\u0107i ispitanik smatra da je ve\u0107ina incidenata kojima svjedo\u010dimo u poslednje dvije godine, dominantno motivisana nacionalnom netrpelljivo\u0161\u0107u.<\/p>\n<p>&#8220;Kao dodatne razloge incidenata u crnogorskom dru\u0161tvu gra\u0111ani\/ke prepoznaju politi\u010dke interese, manipulaciju, nezadovoljstvo ekonomskom situacijom, nedovoljnu edukaciju i korupciju. Istra\u017eivanje je sprovedeno tokom godine u 19 crnogorskih op\u0161tina, na uzorku od hiljadu gra\u0111ana, kori\u0161\u0107enjem CAPI metode za prikupljanje podataka&#8221;, pokazalo je\u00a0istra\u017eivanje o obrascima diskriminacije prema manjinama u Crnoj Gori, koje je NVO Gra\u0111anska alijansa realizovala u saradnji sa agencijom DAMAR.<\/p>\n","protected":false},"excerpt":{"rendered":"<p>U Crnoj Gori je najprisutnija diskriminacija zbog politi\u010dkih uvjerenja, na drugom mjestu je kriterijum seksualne orijentacije &#8211; budu\u0107i da 68,1 odsto gra\u0111ana vjeruje da taj faktor naj\u010de\u0161\u0107e izaziva diskriminaciju, dok \u010dak 64,3 odsto gra\u0111ana smatra da je uzrok diskriminacije nacionalna pripadnost.<\/p>\n","protected":false},"author":1,"featured_media":404446,"comment_status":"open","ping_status":"closed","sticky":false,"template":"","format":"standard","meta":{"_seopress_robots_primary_cat":"none","_seopress_titles_title":"","_seopress_titles_desc":"","_seopress_robots_index":"","_et_pb_use_builder":"","_et_pb_old_content":"","_et_gb_content_width":"","inline_featured_image":false,"footnotes":""},"categories":[14],"tags":[],"class_list":["post-404443","post","type-post","status-publish","format-standard","has-post-thumbnail","hentry","category-vijesti"],"_links":{"self":[{"href":"https:\/\/www.pcnen.com\/portal\/wp-json\/wp\/v2\/posts\/404443","targetHints":{"allow":["GET"]}}],"collection":[{"href":"https:\/\/www.pcnen.com\/portal\/wp-json\/wp\/v2\/posts"}],"about":[{"href":"https:\/\/www.pcnen.com\/portal\/wp-json\/wp\/v2\/types\/post"}],"author":[{"embeddable":true,"href":"https:\/\/www.pcnen.com\/portal\/wp-json\/wp\/v2\/users\/1"}],"replies":[{"embeddable":true,"href":"https:\/\/www.pcnen.com\/portal\/wp-json\/wp\/v2\/comments?post=404443"}],"version-history":[{"count":2,"href":"https:\/\/www.pcnen.com\/portal\/wp-json\/wp\/v2\/posts\/404443\/revisions"}],"predecessor-version":[{"id":404448,"href":"https:\/\/www.pcnen.com\/portal\/wp-json\/wp\/v2\/posts\/404443\/revisions\/404448"}],"wp:featuredmedia":[{"embeddable":true,"href":"https:\/\/www.pcnen.com\/portal\/wp-json\/wp\/v2\/media\/404446"}],"wp:attachment":[{"href":"https:\/\/www.pcnen.com\/portal\/wp-json\/wp\/v2\/media?parent=404443"}],"wp:term":[{"taxonomy":"category","embeddable":true,"href":"https:\/\/www.pcnen.com\/portal\/wp-json\/wp\/v2\/categories?post=404443"},{"taxonomy":"post_tag","embeddable":true,"href":"https:\/\/www.pcnen.com\/portal\/wp-json\/wp\/v2\/tags?post=404443"}],"curies":[{"name":"wp","href":"https:\/\/api.w.org\/{rel}","templated":true}]}}