{"id":404437,"date":"2024-06-13T10:07:02","date_gmt":"2024-06-13T08:07:02","guid":{"rendered":"https:\/\/www.pcnen.com\/portal\/?p=404437"},"modified":"2024-06-13T10:09:24","modified_gmt":"2024-06-13T08:09:24","slug":"sudjenje-medenicama-odgodjeno-17-put","status":"publish","type":"post","link":"https:\/\/www.pcnen.com\/portal\/2024\/06\/13\/sudjenje-medenicama-odgodjeno-17-put\/","title":{"rendered":"Su\u0111enje Medenicama odgo\u0111eno 17. put"},"content":{"rendered":"<p>U Vi\u0161em sudu u Podgorici ni danas, 17. put zaredom, nije odr\u017eano su\u0111enje biv\u0161oj predsjednici Vrhovnog suda Crne Gore, Vesni Medenici, njenom sinu Milo\u0161u i ostalim, navodnim, pripadnicima kriminalne grupe, koja je osumnji\u010dena, pored ostalog, za \u0161verc droge i cigareta.<\/p>\n<p>Predsjednica Vije\u0107a suda, sudija Nada Rabrenovi\u0107, prvo je kazala da se ro\u010di\u0161te odga\u0111a na zahtjev advokatice Bojane Asanovi\u0107, nove braniteljke odbjeglog Luke Bako\u010da, kako bi imala vremena za uvid u spise i pripremu odbrane,<a href=\"https:\/\/libertaspress.me\/single-news\/2737\"> prenosi libertaspress.me.<\/a><\/p>\n<p>Sud je Asanovi\u0107evu dodijelio Bako\u010du kao braniteljku po slu\u017ebenoj du\u017enosti, nakon \u0161to je tom optu\u017eenom Nik\u0161i\u0107aninu punomo\u0107je otkazala dosada\u0161nja advokatica Dina \u0160aboti\u0107.<\/p>\n<p>Nakon toga, specijalni tu\u017eilac, Vukas Radonji\u0107, rekao je da je sud prekr\u0161io zakon time \u0161to je Bako\u010du dodijelio branioca po slu\u017ebenoj du\u017enosti.<\/p>\n<p>&#8220;\u010clanom 74, stavom 3 Zakona o krivi\u010dnom postupku, propisano je da sud na to ima pravo tek nakon \u0161to pro\u0111e 15 dana od dana otkazivanja punomo\u0107ja. S obzirom na to da je punomo\u0107je otkazano 3. juna, koleginica (\u0160aboti\u0107, prim. a) je bila du\u017ena da pru\u017ea pomo\u0107 do 18. juna, uklju\u010duju\u0107i i taj dan, za kada je bilo predvi\u0111eno jo\u0161 jedno ro\u010di\u0161te u ovom postupku. Tek nakon tog termina, sud je mogao da postavi branioca po slu\u017ebenoj du\u017enosti&#8221;, rekao je tu\u017eilac Radonji\u0107.<\/p>\n<p>Na to se sudija Rabrenovi\u0107 nadovezala da je &#8220;sud danas konstatovao da advokatica \u0160aboti\u0107 nije pristupila dana\u0161njem pretresu iako je o njemu bila obavije\u0161tena&#8221;.<\/p>\n<p>&#8220;Sud donosi rje\u0161enje da se \u0160aboti\u0107 kazni nov\u010danom kaznom od 800 eura i da snosi tro\u0161kove odlaganja glavnog pretresa jer nije pristupila, a bila je obavije\u0161tena&#8221;, rekla je Rabrenovi\u0107.<\/p>\n<p>Na optu\u017eeni\u010dkoj klupi se, osim Medenica i Bako\u010da, nalaze i policijski slu\u017ebenik Darko Lalovi\u0107, Vojin Perunovi\u0107, Marjan Bevenja, Milorad Medenica, bra\u0107a Bojan i Marko Popovi\u0107, Marko Vu\u010dini\u0107, Petar Milutinovi\u0107, Vasilije Petrovi\u0107, Ivana Kova\u010devi\u0107, Radomir Rai\u010devi\u0107, Stevo Karaniki\u0107, Goran Jovanovi\u0107 i Milica Vlahovi\u0107-Milosavljevi\u0107, kojoj se sudi u odvojenom postupku.<\/p>\n<p>Optu\u017enicom je obuhva\u0107ena i Bako\u010deva firma \u201cKopad Company\u201c iz Nik\u0161i\u0107a.<\/p>\n<p>Oni se, saop\u0161tio je ranije tu\u017eilac Radonji\u0107, portparol SDT-a, terete za krivi\u010dna djela stvaranje kriminalne organizacije, produ\u017eeno krivi\u010dno djelo krijum\u010darenje, produ\u017eeno krivi\u010dno djelo davanje mita, primanje mita, protivzakoniti uticaj i navo\u0111enje na protivzakoniti uticaj, zloupotreba slu\u017ebenog polo\u017eaja, neovla\u0161\u0107ena proizvodnja, dr\u017eanje i stavljanje u promet opojnih droga, omogu\u0107avanje u\u017eivanja opojnih droga, nedozvoljeno dr\u017eanje oru\u017eja i eksplozivnih materija, te\u0161ka tjelesna povreda i spre\u010davanje dokazivanja.<\/p>\n<p><a href=\"https:\/\/www.pcnen.com\/portal\/?s=Vesna+Medenic\">VEZANE VIJESTI<\/a><\/p>\n","protected":false},"excerpt":{"rendered":"<p>U Vi\u0161em sudu u Podgorici ni danas, 17. put zaredom, nije odr\u017eano su\u0111enje biv\u0161oj predsjednici Vrhovnog suda Crne Gore, Vesni Medenici, njenom sinu Milo\u0161u i ostalim, navodnim, pripadnicima kriminalne grupe, koja je osumnji\u010dena, pored ostalog, za \u0161verc droge i cigareta.<\/p>\n","protected":false},"author":1,"featured_media":343358,"comment_status":"open","ping_status":"closed","sticky":false,"template":"","format":"standard","meta":{"_seopress_robots_primary_cat":"none","_seopress_titles_title":"","_seopress_titles_desc":"","_seopress_robots_index":"","_et_pb_use_builder":"","_et_pb_old_content":"","_et_gb_content_width":"","inline_featured_image":false,"footnotes":""},"categories":[14],"tags":[],"class_list":["post-404437","post","type-post","status-publish","format-standard","has-post-thumbnail","hentry","category-vijesti"],"_links":{"self":[{"href":"https:\/\/www.pcnen.com\/portal\/wp-json\/wp\/v2\/posts\/404437","targetHints":{"allow":["GET"]}}],"collection":[{"href":"https:\/\/www.pcnen.com\/portal\/wp-json\/wp\/v2\/posts"}],"about":[{"href":"https:\/\/www.pcnen.com\/portal\/wp-json\/wp\/v2\/types\/post"}],"author":[{"embeddable":true,"href":"https:\/\/www.pcnen.com\/portal\/wp-json\/wp\/v2\/users\/1"}],"replies":[{"embeddable":true,"href":"https:\/\/www.pcnen.com\/portal\/wp-json\/wp\/v2\/comments?post=404437"}],"version-history":[{"count":3,"href":"https:\/\/www.pcnen.com\/portal\/wp-json\/wp\/v2\/posts\/404437\/revisions"}],"predecessor-version":[{"id":404442,"href":"https:\/\/www.pcnen.com\/portal\/wp-json\/wp\/v2\/posts\/404437\/revisions\/404442"}],"wp:featuredmedia":[{"embeddable":true,"href":"https:\/\/www.pcnen.com\/portal\/wp-json\/wp\/v2\/media\/343358"}],"wp:attachment":[{"href":"https:\/\/www.pcnen.com\/portal\/wp-json\/wp\/v2\/media?parent=404437"}],"wp:term":[{"taxonomy":"category","embeddable":true,"href":"https:\/\/www.pcnen.com\/portal\/wp-json\/wp\/v2\/categories?post=404437"},{"taxonomy":"post_tag","embeddable":true,"href":"https:\/\/www.pcnen.com\/portal\/wp-json\/wp\/v2\/tags?post=404437"}],"curies":[{"name":"wp","href":"https:\/\/api.w.org\/{rel}","templated":true}]}}