{"id":404411,"date":"2024-06-12T22:32:29","date_gmt":"2024-06-12T20:32:29","guid":{"rendered":"https:\/\/www.pcnen.com\/portal\/?p=404411"},"modified":"2024-06-12T22:32:51","modified_gmt":"2024-06-12T20:32:51","slug":"kosovo-obiljezava-dan-oslobodjenja-25-godina-od-dolaska-medjunarodnih-snaga-godina-od-dolaska-medjunarodnih-snaga","status":"publish","type":"post","link":"https:\/\/www.pcnen.com\/portal\/2024\/06\/12\/kosovo-obiljezava-dan-oslobodjenja-25-godina-od-dolaska-medjunarodnih-snaga-godina-od-dolaska-medjunarodnih-snaga\/","title":{"rendered":"Kosovo obilje\u017eava Dan oslobo\u0111enja, 25 godina od dolaska me\u0111unarodnih snaga"},"content":{"rendered":"<p>Na Kosovu se povodom 25 godina od povla\u010denja srpskih i dolaska me\u0111unarodnih snaga, brojnim manifestacijama obilje\u017eava Dan oslobo\u0111enja.<\/p>\n<p>Obilje\u017eavanje 25. godi\u0161njice od dolaska NATO trupa na Kosovo, koje je uslijedilo poslije 78 dana bombardovanja Savezne Republike Jugoslavije, u Pri\u0161tini je po\u010delo sve\u010danom sjednicom kosovskog parlamenta.<\/p>\n<p>Sjednica je po\u010dela intoniranjem kosovske i albanske himne i minutom \u0107utanja za poginule tokom 1998. i 1999.godine. Sjednici su prisustvovali i predsjednik Albanije Bajram Begaj, biv\u0161i predsjednik Hrvatske Stjepan Mesi\u0107 i Vilijem Voker, tada\u0161nji \u0161ef Verifikacione misije OEBS-a.<\/p>\n<p>Predsjednica Kosova Vjosa Osmani rekla je da je NATO 1999. godine otvorio put ne samo slobodnom, ve\u0107 i nezavisnom i demokratskom Kosovu.<\/p>\n<p>U centru Pri\u0161tine danas je organizovan i defile jedinica Kosovskih bezbijednosnih snaga i kosovske policije, prenosi Glas Amerike.<\/p>\n<p>Na dana\u0161nji dan prije 25 godina na Kosovo su prve stigle ruske mirovne vojne snage koje su bile stacionirane na pri\u0161tinskom aerodromu, a tokom dana do\u0161le su i snage NATO alijanse.<\/p>\n<p>\u010cetiri godine kasnije ruski vojnici su se povukli iz Pri\u0161tine, a na Kosovu su jo\u0161 prisutni vojnici iz razli\u010ditih zemalja \u010dlanica NATO-a.<\/p>\n","protected":false},"excerpt":{"rendered":"<p>Na Kosovu se povodom 25 godina od povla\u010denja srpskih i dolaska me\u0111unarodnih snaga, brojnim manifestacijama obilje\u017eava Dan oslobo\u0111enja.<\/p>\n","protected":false},"author":1,"featured_media":404414,"comment_status":"open","ping_status":"closed","sticky":false,"template":"","format":"standard","meta":{"_seopress_robots_primary_cat":"none","_seopress_titles_title":"","_seopress_titles_desc":"","_seopress_robots_index":"","_et_pb_use_builder":"","_et_pb_old_content":"","_et_gb_content_width":"","inline_featured_image":false,"footnotes":""},"categories":[14],"tags":[],"class_list":["post-404411","post","type-post","status-publish","format-standard","has-post-thumbnail","hentry","category-vijesti"],"_links":{"self":[{"href":"https:\/\/www.pcnen.com\/portal\/wp-json\/wp\/v2\/posts\/404411","targetHints":{"allow":["GET"]}}],"collection":[{"href":"https:\/\/www.pcnen.com\/portal\/wp-json\/wp\/v2\/posts"}],"about":[{"href":"https:\/\/www.pcnen.com\/portal\/wp-json\/wp\/v2\/types\/post"}],"author":[{"embeddable":true,"href":"https:\/\/www.pcnen.com\/portal\/wp-json\/wp\/v2\/users\/1"}],"replies":[{"embeddable":true,"href":"https:\/\/www.pcnen.com\/portal\/wp-json\/wp\/v2\/comments?post=404411"}],"version-history":[{"count":2,"href":"https:\/\/www.pcnen.com\/portal\/wp-json\/wp\/v2\/posts\/404411\/revisions"}],"predecessor-version":[{"id":404416,"href":"https:\/\/www.pcnen.com\/portal\/wp-json\/wp\/v2\/posts\/404411\/revisions\/404416"}],"wp:featuredmedia":[{"embeddable":true,"href":"https:\/\/www.pcnen.com\/portal\/wp-json\/wp\/v2\/media\/404414"}],"wp:attachment":[{"href":"https:\/\/www.pcnen.com\/portal\/wp-json\/wp\/v2\/media?parent=404411"}],"wp:term":[{"taxonomy":"category","embeddable":true,"href":"https:\/\/www.pcnen.com\/portal\/wp-json\/wp\/v2\/categories?post=404411"},{"taxonomy":"post_tag","embeddable":true,"href":"https:\/\/www.pcnen.com\/portal\/wp-json\/wp\/v2\/tags?post=404411"}],"curies":[{"name":"wp","href":"https:\/\/api.w.org\/{rel}","templated":true}]}}