{"id":404391,"date":"2024-06-12T21:35:45","date_gmt":"2024-06-12T19:35:45","guid":{"rendered":"https:\/\/www.pcnen.com\/portal\/?p=404391"},"modified":"2024-06-12T21:35:45","modified_gmt":"2024-06-12T19:35:45","slug":"sarajevo-dobija-spomen-obiljezje-civilnim-zrtvama-rata-1992-1995","status":"publish","type":"post","link":"https:\/\/www.pcnen.com\/portal\/2024\/06\/12\/sarajevo-dobija-spomen-obiljezje-civilnim-zrtvama-rata-1992-1995\/","title":{"rendered":"Sarajevo dobija spomen-obilje\u017eje civilnim \u017ertvama rata 1992.-1995."},"content":{"rendered":"<p>Grad Sarajevo \u0107e, nakon tri decenije, dobiti jedinstveno Spomen- obilje\u017eje civilnim \u017ertvama rata grada \u2013 Kantona Sarajevo 1992.-1995. u ulici Hamze Hume na Skenderiji.<\/p>\n<p>&#8220;Budu\u0107e spomen-obilje\u017eje pored memorijalnog, imat \u0107e i historijsko-edukativni i duboko emotivan zna\u010daj, sa porukom da se ne zaboravi i nikada vi\u0161e ne ponovi. Sada je sigurno! Grad stradalnik koji je izdr\u017eao i pre\u017eivio najdu\u017eu opsadu u modernoj historiji, dobit \u0107e mjesto pijeteta i sje\u0107anja na sve ubijene i ranjene civile tokom agresije&#8221;, istakla je gradona\u010delnica Sarajeva Benjamina Kari\u0107.<\/p>\n","protected":false},"excerpt":{"rendered":"<p>Grad Sarajevo \u0107e, nakon tri decenije, dobiti jedinstveno Spomen- obilje\u017eje civilnim \u017ertvama rata grada \u2013 Kantona Sarajevo 1992.-1995. u ulici Hamze Hume na Skenderiji.<\/p>\n","protected":false},"author":1,"featured_media":404394,"comment_status":"open","ping_status":"closed","sticky":false,"template":"","format":"standard","meta":{"_seopress_robots_primary_cat":"none","_seopress_titles_title":"","_seopress_titles_desc":"","_seopress_robots_index":"","_et_pb_use_builder":"","_et_pb_old_content":"","_et_gb_content_width":"","inline_featured_image":false,"footnotes":""},"categories":[14],"tags":[],"class_list":["post-404391","post","type-post","status-publish","format-standard","has-post-thumbnail","hentry","category-vijesti"],"_links":{"self":[{"href":"https:\/\/www.pcnen.com\/portal\/wp-json\/wp\/v2\/posts\/404391","targetHints":{"allow":["GET"]}}],"collection":[{"href":"https:\/\/www.pcnen.com\/portal\/wp-json\/wp\/v2\/posts"}],"about":[{"href":"https:\/\/www.pcnen.com\/portal\/wp-json\/wp\/v2\/types\/post"}],"author":[{"embeddable":true,"href":"https:\/\/www.pcnen.com\/portal\/wp-json\/wp\/v2\/users\/1"}],"replies":[{"embeddable":true,"href":"https:\/\/www.pcnen.com\/portal\/wp-json\/wp\/v2\/comments?post=404391"}],"version-history":[{"count":1,"href":"https:\/\/www.pcnen.com\/portal\/wp-json\/wp\/v2\/posts\/404391\/revisions"}],"predecessor-version":[{"id":404395,"href":"https:\/\/www.pcnen.com\/portal\/wp-json\/wp\/v2\/posts\/404391\/revisions\/404395"}],"wp:featuredmedia":[{"embeddable":true,"href":"https:\/\/www.pcnen.com\/portal\/wp-json\/wp\/v2\/media\/404394"}],"wp:attachment":[{"href":"https:\/\/www.pcnen.com\/portal\/wp-json\/wp\/v2\/media?parent=404391"}],"wp:term":[{"taxonomy":"category","embeddable":true,"href":"https:\/\/www.pcnen.com\/portal\/wp-json\/wp\/v2\/categories?post=404391"},{"taxonomy":"post_tag","embeddable":true,"href":"https:\/\/www.pcnen.com\/portal\/wp-json\/wp\/v2\/tags?post=404391"}],"curies":[{"name":"wp","href":"https:\/\/api.w.org\/{rel}","templated":true}]}}