{"id":404386,"date":"2024-06-12T21:26:23","date_gmt":"2024-06-12T19:26:23","guid":{"rendered":"https:\/\/www.pcnen.com\/portal\/?p=404386"},"modified":"2024-06-12T21:26:48","modified_gmt":"2024-06-12T19:26:48","slug":"ambasador-bih-u-srbiji-odbio-da-uruci-protestnu-notu","status":"publish","type":"post","link":"https:\/\/www.pcnen.com\/portal\/2024\/06\/12\/ambasador-bih-u-srbiji-odbio-da-uruci-protestnu-notu\/","title":{"rendered":"Ambasador BiH u Srbiji odbio da uru\u010di protestnu notu"},"content":{"rendered":"<p>Ambasador Bosne i Hercegovine u Srbiji Aleksandar Vranje\u0161 je izjavio da niti je donio, niti uru\u010dio protestnu notu Srbiji povodom &#8220;svesrpskog sabora&#8221;, te naglasio da je to poku\u0161aj performansa ministra vanjskih poslova BiH Elmedina Konakovi\u0107a.<\/p>\n<p>Vranje\u0161 je poslije razgovora sa ministrom vanjskih poslova Srbije Markom \u0110uri\u0107em rekao da je \u017eelio da pojasni novinarima &#8220;neuspje\u0161an poku\u0161aj ministra Konakovi\u0107a da uru\u010di protestnu notu&#8221;.<\/p>\n<p>&#8220;Tu notu niti sam donio, niti sam uru\u010dio Srbiji. Oni su to poku\u0161ali preko mene, ali razlog za\u0161to nisam nije samo vezan za moje politi\u010dke stavove, ve\u0107 i za proceduralne razloge. Ministar vanjskih poslova u Vije\u0107u ministara nema pravo da kreira vanjskopoliti\u010dke akcije niti vanjsku politiku BiH. To je u nadle\u017enosti Predsjednistva BiH&#8221;, pojasnio je Vranje\u0161, prenosi Srna.<\/p>\n<p>On je rekao da Konakovi\u0107 nema pravo da kreira bilo kakvu protestnu notu, niti da je \u0161alje, kao i da je to poku\u0161ao da uradi li\u010dno, iako na to nema zakonsko pravo.<\/p>\n<p>&#8220;\u017delio sam da objasnim \u0110uri\u0107u da je to njegov (Konakovi\u0107ev) poku\u0161aj performansa. Sigurno ste upoznati da u javnosti u BiH trenutno Konakovi\u0107 trpi veliki broj udaraca zbog optu\u017ebi da je sara\u0111ivao sa narko-kartelom i postoje istrage i onda on tra\u017ei na\u010din kako da skrene pa\u017enju javnosti u BiH sa tih ozbiljnih optu\u017ebi koje mu stoje za vratom tako da dobije pozitivne poene, a u Sarajevu je to uvijek napad na Srbiju&#8221;, naglasio je Vranje\u0161.<\/p>\n<p>On je istakao da je do\u0161ao da zahvali Srbiji za dosljedan odnos prema Dejtonskom mirovnom sporazumu, onako kako je napisan i potpisan, kao i kada je rije\u010d o odnosima u BiH.<\/p>\n<p>&#8220;To je jako va\u017eno jer danas \u017eivimo u vremenu u kojem se mnogo stvari tuma\u010di i interpretira, a najmanje se \u010dita kako pi\u0161e&#8221;, istakao je Vranje\u0161.<\/p>\n<p>Odgovaraju\u0107i na pitanje koji je stav BiH povodom &#8220;svesrpskog sabora&#8221;, Vranje\u0161 je rekao da BiH nema stav jer se njen stav formuli\u0161e kada tri \u010dlana Predsjedni\u0161tva donesu odluku.<\/p>\n<p>&nbsp;<\/p>\n<blockquote class=\"wp-embedded-content\" data-secret=\"28at6BbZE4\"><p><a href=\"https:\/\/www.pcnen.com\/portal\/2024\/06\/10\/konakovic-upucena-protestna-nota-crnoj-gori-zbog-izjave-mandica\/\">Konakovi\u0107: Upu\u0107ena protestna nota Crnoj Gori zbog izjave Mandi\u0107a<\/a><\/p><\/blockquote>\n<p><iframe loading=\"lazy\" class=\"wp-embedded-content\" sandbox=\"allow-scripts\" security=\"restricted\" style=\"position: absolute; clip: rect(1px, 1px, 1px, 1px);\" title=\"&#8220;Konakovi\u0107: Upu\u0107ena protestna nota Crnoj Gori zbog izjave Mandi\u0107a&#8221; &#8212; PCNEN\" src=\"https:\/\/www.pcnen.com\/portal\/2024\/06\/10\/konakovic-upucena-protestna-nota-crnoj-gori-zbog-izjave-mandica\/embed\/#?secret=GiGeYbXUZS#?secret=28at6BbZE4\" data-secret=\"28at6BbZE4\" width=\"600\" height=\"338\" frameborder=\"0\" marginwidth=\"0\" marginheight=\"0\" scrolling=\"no\"><\/iframe><\/p>\n","protected":false},"excerpt":{"rendered":"<p>Ambasador Bosne i Hercegovine u Srbiji Aleksandar Vranje\u0161 je izjavio da niti je donio, niti uru\u010dio protestnu notu Srbiji povodom &#8220;svesrpskog sabora&#8221;, te naglasio da je to poku\u0161aj performansa ministra vanjskih poslova BiH Elmedina Konakovi\u0107a. Vranje\u0161 je poslije razgovora sa ministrom vanjskih poslova Srbije Markom \u0110uri\u0107em rekao da je \u017eelio da pojasni novinarima &#8220;neuspje\u0161an poku\u0161aj [&hellip;]<\/p>\n","protected":false},"author":1,"featured_media":341911,"comment_status":"open","ping_status":"closed","sticky":false,"template":"","format":"standard","meta":{"_seopress_robots_primary_cat":"none","_seopress_titles_title":"","_seopress_titles_desc":"","_seopress_robots_index":"","_et_pb_use_builder":"","_et_pb_old_content":"","_et_gb_content_width":"","inline_featured_image":false,"footnotes":""},"categories":[14],"tags":[],"class_list":["post-404386","post","type-post","status-publish","format-standard","has-post-thumbnail","hentry","category-vijesti"],"_links":{"self":[{"href":"https:\/\/www.pcnen.com\/portal\/wp-json\/wp\/v2\/posts\/404386","targetHints":{"allow":["GET"]}}],"collection":[{"href":"https:\/\/www.pcnen.com\/portal\/wp-json\/wp\/v2\/posts"}],"about":[{"href":"https:\/\/www.pcnen.com\/portal\/wp-json\/wp\/v2\/types\/post"}],"author":[{"embeddable":true,"href":"https:\/\/www.pcnen.com\/portal\/wp-json\/wp\/v2\/users\/1"}],"replies":[{"embeddable":true,"href":"https:\/\/www.pcnen.com\/portal\/wp-json\/wp\/v2\/comments?post=404386"}],"version-history":[{"count":2,"href":"https:\/\/www.pcnen.com\/portal\/wp-json\/wp\/v2\/posts\/404386\/revisions"}],"predecessor-version":[{"id":404390,"href":"https:\/\/www.pcnen.com\/portal\/wp-json\/wp\/v2\/posts\/404386\/revisions\/404390"}],"wp:featuredmedia":[{"embeddable":true,"href":"https:\/\/www.pcnen.com\/portal\/wp-json\/wp\/v2\/media\/341911"}],"wp:attachment":[{"href":"https:\/\/www.pcnen.com\/portal\/wp-json\/wp\/v2\/media?parent=404386"}],"wp:term":[{"taxonomy":"category","embeddable":true,"href":"https:\/\/www.pcnen.com\/portal\/wp-json\/wp\/v2\/categories?post=404386"},{"taxonomy":"post_tag","embeddable":true,"href":"https:\/\/www.pcnen.com\/portal\/wp-json\/wp\/v2\/tags?post=404386"}],"curies":[{"name":"wp","href":"https:\/\/api.w.org\/{rel}","templated":true}]}}