{"id":404365,"date":"2024-06-12T15:56:55","date_gmt":"2024-06-12T13:56:55","guid":{"rendered":"https:\/\/www.pcnen.com\/portal\/?p=404365"},"modified":"2024-06-12T15:56:55","modified_gmt":"2024-06-12T13:56:55","slug":"zatvorski-ljekari-pozvani-na-saslusanja-u-spo","status":"publish","type":"post","link":"https:\/\/www.pcnen.com\/portal\/2024\/06\/12\/zatvorski-ljekari-pozvani-na-saslusanja-u-spo\/","title":{"rendered":"Zatvorski ljekari pozvani na saslu\u0161anja u SPO"},"content":{"rendered":"<p>Ljekari Uprave za izvr\u0161enje krivi\u010dnih sankcija u Spu\u017eu pozvani su tokom dana da daju izjavu pred inspektorima Specijalnog policijskog odjeljenja oko na\u010dina lije\u010denja i zdravstvenog tretmana pritvorenih osoba, koji se nalaze u Spu\u017eu ili su trenutno na bolni\u010dkom lije\u010denju na nekoj od dr\u017eavnih ili privatnih klinika, saznaju Vijesti u UIKS-u.<\/p>\n<p>Ljekari su pozvani da daju izjavu u svojstvu gra\u0111anina, a u sklopu opse\u017ene istrage SPO-a, da li postoje zlupotrebe na relaciji UIKS-a i ljekara drugih zdravstvenih ustanova oko statusa pritvorenih osoba, kojima se pru\u017ea zdravstvena pomo\u0107.<\/p>\n<p><a href=\"https:\/\/www.vijesti.me\/vijesti\/crna-hronika\/711204\/zatvorske-ljekare-pozivaju-na-saslusanja-u-spo\">Vijesti saznaju da \u0107e<\/a> u sklopu istrage biti saslu\u0161ani pojedini ljekari Klini\u010dkog centra, direktori nekih klinika, ali i \u010dlanovi konzilijuma, \u010dija imena se \u010desto nalaze u medicinskoj dokumentaciji pritvorenika, a koji su bili ili su trenutno na bolni\u010dkom lije\u010denju.<\/p>\n<p>Policija je pokrenula opse\u017enu istragu u okviru koje istra\u017euju da li u sistemu Klini\u010dkog centra Crne Gore (KCCG) i UIKS-a postoje zloupotrebe u radu pojedinih ljekara, na osnovu \u010dijih konzilijarnih izvje\u0161taja se biv\u0161i direktor Uprave Veselin Veljovi\u0107, 22 dana bolni\u010dki lije\u010di u toj ustanovi.<\/p>\n<p>Policijsko interesovanje uslijedilo je nakon \u0161to je optu\u017eeni Veljovi\u0107 pro\u0161le sedmice preba\u010den na lije\u010denje u Kliniku za neurologiju Klini\u010dkog centra, gdje mu je dodijeljen i poseban bolni\u010dki apartman.<\/p>\n<p>\u010cinjenica da se Veljovi\u0107 lije\u010di na klinici, koja nije zadu\u017eena za tretman njegovog hroni\u010dnog oboljenja, bile su dodatni alarm da mogu\u0107e nekada\u0161nji \u0161ef policije ne bi trebalo i dalje da bude bolni\u010dki zbrinut.<\/p>\n<p>Veljovi\u0107 je zbog lo\u0161eg zdravstvenog stanja iz pritvorske jedinice Uprave za izvr\u0161enje krivi\u010dnih sankcija u Spu\u017eu, 20. maja ove godine, preba\u010den i smje\u0161ten na lije\u010denje u KCCG.<\/p>\n<p>Ukoliko se tokom istrage i vje\u0161ta\u010denja medicinske dokumentacije utvrde zloupotrebe, SPO \u0107e procesuirati sve ljekare, na osnovu \u010dijih izvje\u0161aja je do\u0161lo do zloupotrebe bolni\u010dkg tretmana.<\/p>\n<p>Direktor Klini\u010dkog centra Crne Gore (KCCG) dr Aleksandar Radovi\u0107 dao je ju\u010de izjavu u Specijalnom policijskom odjeljenju, a u vezi sa bolni\u010dkim lije\u010denjem pritvorenika Veljovi\u0107a.<\/p>\n<p>Nakon ispitivanja direktora KCCG-a, biv\u0161i direktor policije se i dalje nalazi na lije\u010denju u apartmanu Klinike za neurologiju.<\/p>\n","protected":false},"excerpt":{"rendered":"<p>Ljekari Uprave za izvr\u0161enje krivi\u010dnih sankcija u Spu\u017eu pozvani su tokom dana da daju izjavu pred inspektorima Specijalnog policijskog odjeljenja oko na\u010dina lije\u010denja i zdravstvenog tretmana pritvorenih osoba, koji se nalaze u Spu\u017eu ili su trenutno na bolni\u010dkom lije\u010denju na nekoj od dr\u017eavnih ili privatnih klinika, saznaju Vijesti u UIKS-u.<\/p>\n","protected":false},"author":1,"featured_media":273920,"comment_status":"open","ping_status":"closed","sticky":false,"template":"","format":"standard","meta":{"_seopress_robots_primary_cat":"none","_seopress_titles_title":"","_seopress_titles_desc":"","_seopress_robots_index":"","_et_pb_use_builder":"","_et_pb_old_content":"","_et_gb_content_width":"","inline_featured_image":false,"footnotes":""},"categories":[14],"tags":[],"class_list":["post-404365","post","type-post","status-publish","format-standard","has-post-thumbnail","hentry","category-vijesti"],"_links":{"self":[{"href":"https:\/\/www.pcnen.com\/portal\/wp-json\/wp\/v2\/posts\/404365","targetHints":{"allow":["GET"]}}],"collection":[{"href":"https:\/\/www.pcnen.com\/portal\/wp-json\/wp\/v2\/posts"}],"about":[{"href":"https:\/\/www.pcnen.com\/portal\/wp-json\/wp\/v2\/types\/post"}],"author":[{"embeddable":true,"href":"https:\/\/www.pcnen.com\/portal\/wp-json\/wp\/v2\/users\/1"}],"replies":[{"embeddable":true,"href":"https:\/\/www.pcnen.com\/portal\/wp-json\/wp\/v2\/comments?post=404365"}],"version-history":[{"count":1,"href":"https:\/\/www.pcnen.com\/portal\/wp-json\/wp\/v2\/posts\/404365\/revisions"}],"predecessor-version":[{"id":404368,"href":"https:\/\/www.pcnen.com\/portal\/wp-json\/wp\/v2\/posts\/404365\/revisions\/404368"}],"wp:featuredmedia":[{"embeddable":true,"href":"https:\/\/www.pcnen.com\/portal\/wp-json\/wp\/v2\/media\/273920"}],"wp:attachment":[{"href":"https:\/\/www.pcnen.com\/portal\/wp-json\/wp\/v2\/media?parent=404365"}],"wp:term":[{"taxonomy":"category","embeddable":true,"href":"https:\/\/www.pcnen.com\/portal\/wp-json\/wp\/v2\/categories?post=404365"},{"taxonomy":"post_tag","embeddable":true,"href":"https:\/\/www.pcnen.com\/portal\/wp-json\/wp\/v2\/tags?post=404365"}],"curies":[{"name":"wp","href":"https:\/\/api.w.org\/{rel}","templated":true}]}}