{"id":404351,"date":"2024-06-12T15:05:22","date_gmt":"2024-06-12T13:05:22","guid":{"rendered":"https:\/\/www.pcnen.com\/portal\/?p=404351"},"modified":"2024-06-12T15:05:22","modified_gmt":"2024-06-12T13:05:22","slug":"papa-pozvao-svestenike-da-manje-pricaju","status":"publish","type":"post","link":"https:\/\/www.pcnen.com\/portal\/2024\/06\/12\/papa-pozvao-svestenike-da-manje-pricaju\/","title":{"rendered":"Papa pozvao sve\u0161tenike da manje pri\u010daju"},"content":{"rendered":"<p>Papa Franjo je zatra\u017eio da propovijedi budu kratke i ne traju du\u017ee od osam minuta jer u protivnom narod gubi pa\u017enju i zaspi.<\/p>\n<p>Tako\u0111e, kritikovao je sve\u0161tenike koji &#8220;puno pri\u010daju&#8221;.<\/p>\n<p>&#8220;Homilija treba da bude kratka: slika, misao, osje\u0107aj. Homilija ne bi trebalo da traje du\u017ee od osam minuta, jer \u0107e poslije tog vremena pa\u017enja biti izgubljena i ljudi \u0107e zaspati, a postoji razlog\u201c, uvjerava je papa.<\/p>\n<p>Kako je kazao, sve\u0161tenici ponekad puno pri\u010daju i govore stvari koje dosta ljudi ne razumije.<\/p>\n<p>&#8220;Homilija treba da pomogne da se Rije\u010d Bo\u017eija iz Knjige prenese u \u017eivot&#8221;, dodao je.<\/p>\n","protected":false},"excerpt":{"rendered":"<p>Papa Franjo je zatra\u017eio da propovijedi budu kratke i ne traju du\u017ee od osam minuta jer u protivnom narod gubi pa\u017enju i zaspi.<\/p>\n","protected":false},"author":1,"featured_media":338184,"comment_status":"open","ping_status":"closed","sticky":false,"template":"","format":"standard","meta":{"_seopress_robots_primary_cat":"none","_seopress_titles_title":"","_seopress_titles_desc":"","_seopress_robots_index":"","_et_pb_use_builder":"","_et_pb_old_content":"","_et_gb_content_width":"","inline_featured_image":false,"footnotes":""},"categories":[14],"tags":[],"class_list":["post-404351","post","type-post","status-publish","format-standard","has-post-thumbnail","hentry","category-vijesti"],"_links":{"self":[{"href":"https:\/\/www.pcnen.com\/portal\/wp-json\/wp\/v2\/posts\/404351","targetHints":{"allow":["GET"]}}],"collection":[{"href":"https:\/\/www.pcnen.com\/portal\/wp-json\/wp\/v2\/posts"}],"about":[{"href":"https:\/\/www.pcnen.com\/portal\/wp-json\/wp\/v2\/types\/post"}],"author":[{"embeddable":true,"href":"https:\/\/www.pcnen.com\/portal\/wp-json\/wp\/v2\/users\/1"}],"replies":[{"embeddable":true,"href":"https:\/\/www.pcnen.com\/portal\/wp-json\/wp\/v2\/comments?post=404351"}],"version-history":[{"count":1,"href":"https:\/\/www.pcnen.com\/portal\/wp-json\/wp\/v2\/posts\/404351\/revisions"}],"predecessor-version":[{"id":404354,"href":"https:\/\/www.pcnen.com\/portal\/wp-json\/wp\/v2\/posts\/404351\/revisions\/404354"}],"wp:featuredmedia":[{"embeddable":true,"href":"https:\/\/www.pcnen.com\/portal\/wp-json\/wp\/v2\/media\/338184"}],"wp:attachment":[{"href":"https:\/\/www.pcnen.com\/portal\/wp-json\/wp\/v2\/media?parent=404351"}],"wp:term":[{"taxonomy":"category","embeddable":true,"href":"https:\/\/www.pcnen.com\/portal\/wp-json\/wp\/v2\/categories?post=404351"},{"taxonomy":"post_tag","embeddable":true,"href":"https:\/\/www.pcnen.com\/portal\/wp-json\/wp\/v2\/tags?post=404351"}],"curies":[{"name":"wp","href":"https:\/\/api.w.org\/{rel}","templated":true}]}}