{"id":404332,"date":"2024-06-12T10:57:31","date_gmt":"2024-06-12T08:57:31","guid":{"rendered":"https:\/\/www.pcnen.com\/portal\/?p=404332"},"modified":"2024-06-12T10:57:31","modified_gmt":"2024-06-12T08:57:31","slug":"katnic-zadrzan-u-bolnici-zbog-jakih-bolova","status":"publish","type":"post","link":"https:\/\/www.pcnen.com\/portal\/2024\/06\/12\/katnic-zadrzan-u-bolnici-zbog-jakih-bolova\/","title":{"rendered":"Katni\u0107 zadr\u017ean u bolnici zbog jakih bolova"},"content":{"rendered":"<p>Biv\u0161i glavni specijalni tu\u017eilac Milivoje Katni\u0107 oporavlja se u privatnoj klinici u Podgorici nakon \u0161to mu je u petak odra\u0111ena hirur\u0161ka intervencija, potvrdio je za RTCG njegov branilac Marjan Markovi\u0107.<\/p>\n<p>Katni\u0107 je zadr\u017ean na bolni\u010dkom lije\u010denju zbog jakih bolova koje osje\u0107a.<\/p>\n<p>Markovi\u0107 nije mogao da ka\u017ee kada \u0107e Katni\u0107 biti preba\u010den u Istra\u017eni zatvor.<\/p>\n<p>&#8220;Jo\u0161 uvijek je na bolni\u010dkom lije\u010denju zbog jakih bolova. Jo\u0161 ne znam kad \u0107e biti vra\u0107en u istra\u017eni zatvor&#8221;, kazao je Markovi\u0107.<\/p>\n<p>Biv\u0161i glavni specijalni tu\u017eilac operisan je 7. juna u jednoj privatnoj poliklinici u Podgorici.<\/p>\n<p>&nbsp;<\/p>\n<blockquote class=\"wp-embedded-content\" data-secret=\"hSwQP0TsPO\"><p><a href=\"https:\/\/www.pcnen.com\/portal\/2024\/06\/07\/katnic-ce-danas-biti-operisan-nije-zivotno-ugrozen\/\">Katni\u0107 \u0107e danas biti operisan, nije \u017eivotno ugro\u017een \u00a0<\/a><\/p><\/blockquote>\n<p><iframe loading=\"lazy\" class=\"wp-embedded-content\" sandbox=\"allow-scripts\" security=\"restricted\" style=\"position: absolute; clip: rect(1px, 1px, 1px, 1px);\" title=\"&#8220;Katni\u0107 \u0107e danas biti operisan, nije \u017eivotno ugro\u017een \u00a0&#8221; &#8212; PCNEN\" src=\"https:\/\/www.pcnen.com\/portal\/2024\/06\/07\/katnic-ce-danas-biti-operisan-nije-zivotno-ugrozen\/embed\/#?secret=IJR2ia30wi#?secret=hSwQP0TsPO\" data-secret=\"hSwQP0TsPO\" width=\"600\" height=\"338\" frameborder=\"0\" marginwidth=\"0\" marginheight=\"0\" scrolling=\"no\"><\/iframe><\/p>\n","protected":false},"excerpt":{"rendered":"<p>Biv\u0161i glavni specijalni tu\u017eilac Milivoje Katni\u0107 oporavlja se u privatnoj klinici u Podgorici nakon \u0161to mu je u petak odra\u0111ena hirur\u0161ka intervencija, potvrdio je za RTCG njegov branilac Marjan Markovi\u0107. Katni\u0107 je zadr\u017ean na bolni\u010dkom lije\u010denju zbog jakih bolova koje osje\u0107a. Markovi\u0107 nije mogao da ka\u017ee kada \u0107e Katni\u0107 biti preba\u010den u Istra\u017eni zatvor. &#8220;Jo\u0161 [&hellip;]<\/p>\n","protected":false},"author":1,"featured_media":404335,"comment_status":"open","ping_status":"closed","sticky":false,"template":"","format":"standard","meta":{"_seopress_robots_primary_cat":"none","_seopress_titles_title":"","_seopress_titles_desc":"","_seopress_robots_index":"","_et_pb_use_builder":"","_et_pb_old_content":"","_et_gb_content_width":"","inline_featured_image":false,"footnotes":""},"categories":[14],"tags":[],"class_list":["post-404332","post","type-post","status-publish","format-standard","has-post-thumbnail","hentry","category-vijesti"],"_links":{"self":[{"href":"https:\/\/www.pcnen.com\/portal\/wp-json\/wp\/v2\/posts\/404332","targetHints":{"allow":["GET"]}}],"collection":[{"href":"https:\/\/www.pcnen.com\/portal\/wp-json\/wp\/v2\/posts"}],"about":[{"href":"https:\/\/www.pcnen.com\/portal\/wp-json\/wp\/v2\/types\/post"}],"author":[{"embeddable":true,"href":"https:\/\/www.pcnen.com\/portal\/wp-json\/wp\/v2\/users\/1"}],"replies":[{"embeddable":true,"href":"https:\/\/www.pcnen.com\/portal\/wp-json\/wp\/v2\/comments?post=404332"}],"version-history":[{"count":1,"href":"https:\/\/www.pcnen.com\/portal\/wp-json\/wp\/v2\/posts\/404332\/revisions"}],"predecessor-version":[{"id":404336,"href":"https:\/\/www.pcnen.com\/portal\/wp-json\/wp\/v2\/posts\/404332\/revisions\/404336"}],"wp:featuredmedia":[{"embeddable":true,"href":"https:\/\/www.pcnen.com\/portal\/wp-json\/wp\/v2\/media\/404335"}],"wp:attachment":[{"href":"https:\/\/www.pcnen.com\/portal\/wp-json\/wp\/v2\/media?parent=404332"}],"wp:term":[{"taxonomy":"category","embeddable":true,"href":"https:\/\/www.pcnen.com\/portal\/wp-json\/wp\/v2\/categories?post=404332"},{"taxonomy":"post_tag","embeddable":true,"href":"https:\/\/www.pcnen.com\/portal\/wp-json\/wp\/v2\/tags?post=404332"}],"curies":[{"name":"wp","href":"https:\/\/api.w.org\/{rel}","templated":true}]}}