{"id":404322,"date":"2024-06-12T08:49:53","date_gmt":"2024-06-12T06:49:53","guid":{"rendered":"https:\/\/www.pcnen.com\/portal\/?p=404322"},"modified":"2024-06-12T08:49:53","modified_gmt":"2024-06-12T06:49:53","slug":"abazovic-saslusan-u-predmetu-ubistva-jovanovica","status":"publish","type":"post","link":"https:\/\/www.pcnen.com\/portal\/2024\/06\/12\/abazovic-saslusan-u-predmetu-ubistva-jovanovica\/","title":{"rendered":"Abazovi\u0107 saslu\u0161an u predmetu ubistva Jovanovi\u0107a"},"content":{"rendered":"<p>Kroz operativne informacije \u0161to sam dobijao kao kordinator bezbjednosnih slu\u017ebi, a kasnije i premijer, a koje se ti\u010du ubistva Du\u0161ka Jovanovi\u0107a, stalno su se, izme\u0111u ostalih provla\u010dila dva imena, Zoran Lazovi\u0107 i Du\u0161ko Golubovi\u0107, \u00a0kazao je biv\u0161i predsjednik Vlade Dritan Abazovi\u0107, nakon \u0161to je ju\u010de pred tu\u017eiteljkom Dankom Ivanovi\u0107 \u0110eri\u0107 obja\u0161njavao zbog \u010dega je javno insistirao da se u istrazi ubistva vlasnika i urednika lista Dan nalo\u017ei hitno saslu\u0161anje biv\u0161eg bezbjednjaka Lazovi\u0107a.<\/p>\n<p><a href=\"https:\/\/www.vijesti.me\/vijesti\/crna-hronika\/711113\/abazovic-saslusan-u-predmetu-ubistva-jovanovica-tajne-agente-su-svi-pominjali\">On Vijestima nije<\/a> precizirao u kom kontekstu su pominjana ta imena.<\/p>\n<p>\u201c\u010cini mi se da prepoznajem volju tu\u017eiteljke Ivanovi\u0107 \u0110eri\u0107 da ovo dovede do kraja i raduje me \u0161to je slu\u010daj ubistva Jovanovi\u0107a ba\u0161 kod nje. Mislim da \u0107e dati sve od sebe da ga pomjeri sa mrtve ta\u010dke. Odgovorio sam na pitanje zbog \u010dega sam ba\u0161 sad pomenuo koliko je va\u017eno saslu\u0161anje Lazovi\u0107a, jer me na to, svojom objavom podstakla istra\u017eiva\u010dka novinarka Radio televizije Republike Srpske Nata\u0161a Miljanovi\u0107 Zubac. Rekao sam joj da su se informacije i ono na \u0161ta je ona aludirala, poklopile sa podacima koje sam kao koordinator bezbjednosnog sistema i tada potpredsjednik Vlade, a kasnije i kao premijer, dobijao od nekoliko operativaca slu\u017ebi bezbjednosti, ali i onih koji su to mogli znati. Svi oni, listom, pominjali su Lazovi\u0107evo i jo\u0161 nekoliko imena. Nije bilo moje da provjeravam te informacije, ve\u0107 da ih proslijedim nadle\u017enima \u0161to sam i \u010dinio, tra\u017ee\u0107i od njih da se kona\u010dno, nakon dvije decenije \u0107utanja i prikrivanja, taj zlo\u010din rasvijetli\u201d, kazao je Abazovi\u0107 za Vijesti.<\/p>\n<p>Objasnio je i da je sa tu\u017eiteljkom podijelio informaciju o pismu jednog zatvorenika koje je dobio u prolje\u0107e 2021. godine, a koji je tra\u017eio razgovor s njim \u201cda bi mi dao informacije korisne za taj slu\u010daj\u201d.<\/p>\n<p>Abazovi\u0107 je prije nekoliko dana pozvao je vrhovnog dr\u017eavnog tu\u017eioca Milorada Markovi\u0107a da izda obavezuju\u0107e uputstvo kako bi se u istrazi ubistva novinara saslu\u0161ao dugogodi\u0161nji tajni agent Zoran Lazovi\u0107.<\/p>\n<p>Novinar i nekada\u0161nji poslanik ubijen je 27. maja 2004. godine &#8211; hicima iz automatskog oru\u017eja poko\u0161en je kada je iza\u0161ao iz redakcije dnevnog lista \u010diji je bio vlasnik.<\/p>\n<blockquote class=\"wp-embedded-content\" data-secret=\"MJZafyHxsQ\"><p><a href=\"https:\/\/www.pcnen.com\/portal\/2024\/06\/11\/tuziteljka-pozvala-abazovica-da-saopsti-saznanja-o-umijesanosti-lazovica-u-ubistvo-duska-jovanovica\/\">Tu\u017eiteljka pozvala Abazovi\u0107a da saop\u0161ti saznanja o umije\u0161anosti Lazovi\u0107a u ubistvo Du\u0161ka Jovanovi\u0107a<\/a><\/p><\/blockquote>\n<p><iframe loading=\"lazy\" class=\"wp-embedded-content\" sandbox=\"allow-scripts\" security=\"restricted\" style=\"position: absolute; clip: rect(1px, 1px, 1px, 1px);\" title=\"&#8220;Tu\u017eiteljka pozvala Abazovi\u0107a da saop\u0161ti saznanja o umije\u0161anosti Lazovi\u0107a u ubistvo Du\u0161ka Jovanovi\u0107a&#8221; &#8212; PCNEN\" src=\"https:\/\/www.pcnen.com\/portal\/2024\/06\/11\/tuziteljka-pozvala-abazovica-da-saopsti-saznanja-o-umijesanosti-lazovica-u-ubistvo-duska-jovanovica\/embed\/#?secret=o5RdkAxshn#?secret=MJZafyHxsQ\" data-secret=\"MJZafyHxsQ\" width=\"600\" height=\"338\" frameborder=\"0\" marginwidth=\"0\" marginheight=\"0\" scrolling=\"no\"><\/iframe><\/p>\n","protected":false},"excerpt":{"rendered":"<p>Kroz operativne informacije \u0161to sam dobijao kao kordinator bezbjednosnih slu\u017ebi, a kasnije i premijer, a koje se ti\u010du ubistva Du\u0161ka Jovanovi\u0107a, stalno su se, izme\u0111u ostalih provla\u010dila dva imena, Zoran Lazovi\u0107 i Du\u0161ko Golubovi\u0107, \u00a0kazao je biv\u0161i predsjednik Vlade Dritan Abazovi\u0107, nakon \u0161to je ju\u010de pred tu\u017eiteljkom Dankom Ivanovi\u0107 \u0110eri\u0107 obja\u0161njavao zbog \u010dega je javno insistirao da se u istrazi ubistva vlasnika i urednika lista Dan nalo\u017ei hitno saslu\u0161anje biv\u0161eg bezbjednjaka Lazovi\u0107a.<\/p>\n","protected":false},"author":1,"featured_media":342447,"comment_status":"open","ping_status":"closed","sticky":false,"template":"","format":"standard","meta":{"_seopress_robots_primary_cat":"none","_seopress_titles_title":"","_seopress_titles_desc":"","_seopress_robots_index":"","_et_pb_use_builder":"","_et_pb_old_content":"","_et_gb_content_width":"","inline_featured_image":false,"footnotes":""},"categories":[14],"tags":[],"class_list":["post-404322","post","type-post","status-publish","format-standard","has-post-thumbnail","hentry","category-vijesti"],"_links":{"self":[{"href":"https:\/\/www.pcnen.com\/portal\/wp-json\/wp\/v2\/posts\/404322","targetHints":{"allow":["GET"]}}],"collection":[{"href":"https:\/\/www.pcnen.com\/portal\/wp-json\/wp\/v2\/posts"}],"about":[{"href":"https:\/\/www.pcnen.com\/portal\/wp-json\/wp\/v2\/types\/post"}],"author":[{"embeddable":true,"href":"https:\/\/www.pcnen.com\/portal\/wp-json\/wp\/v2\/users\/1"}],"replies":[{"embeddable":true,"href":"https:\/\/www.pcnen.com\/portal\/wp-json\/wp\/v2\/comments?post=404322"}],"version-history":[{"count":1,"href":"https:\/\/www.pcnen.com\/portal\/wp-json\/wp\/v2\/posts\/404322\/revisions"}],"predecessor-version":[{"id":404325,"href":"https:\/\/www.pcnen.com\/portal\/wp-json\/wp\/v2\/posts\/404322\/revisions\/404325"}],"wp:featuredmedia":[{"embeddable":true,"href":"https:\/\/www.pcnen.com\/portal\/wp-json\/wp\/v2\/media\/342447"}],"wp:attachment":[{"href":"https:\/\/www.pcnen.com\/portal\/wp-json\/wp\/v2\/media?parent=404322"}],"wp:term":[{"taxonomy":"category","embeddable":true,"href":"https:\/\/www.pcnen.com\/portal\/wp-json\/wp\/v2\/categories?post=404322"},{"taxonomy":"post_tag","embeddable":true,"href":"https:\/\/www.pcnen.com\/portal\/wp-json\/wp\/v2\/tags?post=404322"}],"curies":[{"name":"wp","href":"https:\/\/api.w.org\/{rel}","templated":true}]}}