{"id":404291,"date":"2024-06-11T18:24:18","date_gmt":"2024-06-11T16:24:18","guid":{"rendered":"https:\/\/www.pcnen.com\/portal\/?p=404291"},"modified":"2024-06-11T18:24:18","modified_gmt":"2024-06-11T16:24:18","slug":"klark-izgradnja-spomenika-nato-agresiji-na-mjestu-generalstaba-je-izdaja-sad","status":"publish","type":"post","link":"https:\/\/www.pcnen.com\/portal\/2024\/06\/11\/klark-izgradnja-spomenika-nato-agresiji-na-mjestu-generalstaba-je-izdaja-sad\/","title":{"rendered":"Klark: Izgradnja spomenika NATO agresiji na mjestu General\u0161taba je izdaja SAD"},"content":{"rendered":"<p>Ameri\u010dki general Vesli Klark, koji je bio na \u010delu snaga NATO u vrijeme bombardovanja SR Jugoslavije 1999. godine, je izjavio za CNN da je u\u010de\u0161\u0107e kompanije D\u017eareda Ku\u0161nera u izgradnji kompleksa na mjestu General\u0161taba u Beogradu, koji bi uklju\u010divao i memorijal \u017ertvama NATO agresije, izdaja SAD.<\/p>\n<p>Klark je u izjavi za CNN, koju<a href=\"https:\/\/vreme.com\/vesti\/vesli-klark-izgradnja-spomenika-nato-agresiji-na-mestu-generalstaba-je-izdaja-sad\/\" target=\"_blank\" rel=\"noopener\"> prenosi portal Vreme,<\/a> rekao da misli da je sjajno investirati u Srbiji, ali da se protivi izgradnji memorijanlog centra na mjestu General\u0161taba.<\/p>\n<p>\u201ePrvo, ta zgrada je, koliko nam je poznato, bila prazna kada smo je pogodili. Drugo, to nije bila NATO agresija, to je bila kulminacija dugogodi\u0161njih diplomatskih napora da se srpski diktator Slobodan Milo\u0161evi\u0107 ubijedi da ne ubija sopstvene gra\u0111ane u dijelu Srbije poznatom kao Kosovo\u201c, rekao je Klark.<\/p>\n<p>Novinar CNN je naveo da je od kompanije Affinitty Partners D\u017eareda Ku\u0161nera dobio kopiju ugovora sa Vladom Srbije u kome se uistinu ne pominje termin \u201eNATO agresija\u201c.<\/p>\n<p>Iz Vlade Srbije je, po potpisivanju ugovora, s druge strane saop\u0161teno da investitor ima obavezu da na istoj parceli izgradi Memorijalni kompleks posve\u0107en svim \u017ertvama napada NATO na SRJ 1999. godine.<\/p>\n","protected":false},"excerpt":{"rendered":"<p>Ameri\u010dki general Vesli Klark, koji je bio na \u010delu snaga NATO u vrijeme bombardovanja SR Jugoslavije 1999. godine, je izjavio za CNN da je u\u010de\u0161\u0107e kompanije D\u017eareda Ku\u0161nera u izgradnji kompleksa na mjestu General\u0161taba u Beogradu, koji bi uklju\u010divao i memorijal \u017ertvama NATO agresije, izdaja SAD<\/p>\n","protected":false},"author":1,"featured_media":347736,"comment_status":"open","ping_status":"closed","sticky":false,"template":"","format":"standard","meta":{"_seopress_robots_primary_cat":"none","_seopress_titles_title":"","_seopress_titles_desc":"","_seopress_robots_index":"","_et_pb_use_builder":"","_et_pb_old_content":"","_et_gb_content_width":"","inline_featured_image":false,"footnotes":""},"categories":[14],"tags":[],"class_list":["post-404291","post","type-post","status-publish","format-standard","has-post-thumbnail","hentry","category-vijesti"],"_links":{"self":[{"href":"https:\/\/www.pcnen.com\/portal\/wp-json\/wp\/v2\/posts\/404291","targetHints":{"allow":["GET"]}}],"collection":[{"href":"https:\/\/www.pcnen.com\/portal\/wp-json\/wp\/v2\/posts"}],"about":[{"href":"https:\/\/www.pcnen.com\/portal\/wp-json\/wp\/v2\/types\/post"}],"author":[{"embeddable":true,"href":"https:\/\/www.pcnen.com\/portal\/wp-json\/wp\/v2\/users\/1"}],"replies":[{"embeddable":true,"href":"https:\/\/www.pcnen.com\/portal\/wp-json\/wp\/v2\/comments?post=404291"}],"version-history":[{"count":1,"href":"https:\/\/www.pcnen.com\/portal\/wp-json\/wp\/v2\/posts\/404291\/revisions"}],"predecessor-version":[{"id":404294,"href":"https:\/\/www.pcnen.com\/portal\/wp-json\/wp\/v2\/posts\/404291\/revisions\/404294"}],"wp:featuredmedia":[{"embeddable":true,"href":"https:\/\/www.pcnen.com\/portal\/wp-json\/wp\/v2\/media\/347736"}],"wp:attachment":[{"href":"https:\/\/www.pcnen.com\/portal\/wp-json\/wp\/v2\/media?parent=404291"}],"wp:term":[{"taxonomy":"category","embeddable":true,"href":"https:\/\/www.pcnen.com\/portal\/wp-json\/wp\/v2\/categories?post=404291"},{"taxonomy":"post_tag","embeddable":true,"href":"https:\/\/www.pcnen.com\/portal\/wp-json\/wp\/v2\/tags?post=404291"}],"curies":[{"name":"wp","href":"https:\/\/api.w.org\/{rel}","templated":true}]}}