{"id":404283,"date":"2024-06-11T18:01:31","date_gmt":"2024-06-11T16:01:31","guid":{"rendered":"https:\/\/www.pcnen.com\/portal\/?p=404283"},"modified":"2024-06-11T18:01:31","modified_gmt":"2024-06-11T16:01:31","slug":"tuzilastvo-saslusalo-slavicu-scekic-sestru-ubijenog-poliijskog-inspektora","status":"publish","type":"post","link":"https:\/\/www.pcnen.com\/portal\/2024\/06\/11\/tuzilastvo-saslusalo-slavicu-scekic-sestru-ubijenog-poliijskog-inspektora\/","title":{"rendered":"Tu\u017eila\u0161tvo saslu\u0161alo Slavicu \u0160\u0107eki\u0107, sestru ubijenog poliijskog inspektora"},"content":{"rendered":"<p>Slavica \u0160\u0107eki\u0107, sestra ubijenog crnogorskog policijskog funkcionera Slavoljuba \u0160\u0107eki\u0107a, saslu\u0161ana je u Vi\u0161em dr\u017eavnom tu\u017eila\u0161tvu nakon izjave da je na stolu njenog pokojnog brata vidjela dokument koji govori o u\u010de\u0161\u0107u Vuka Vulevi\u0107a u ubistvu Du\u0161ka Jovanovi\u0107a, vlasnika i glavnog urednika lista Dan.<\/p>\n<p>Slavica \u0160\u010deki\u0107 je u izjavi za Portal RTCG potvrdila da je dobila poziv od Vi\u0161eg dr\u017eavnog tu\u017eila\u0161tva i da je dala izjave povodom njenih navoda o ubistvu Jovanovi\u0107a.<\/p>\n<p>&#8220;Ja sam tokom gostovanja u emisiji &#8216;Referat&#8217; rekla da sam na stolu mog brata vidjela policijski dokument gdje je bilo navedeno da je Vuk Vulevi\u0107 pucao sa zadnjeg sjedi\u0161ta, nasloniv\u0161i desnu ruku na rame Mu\u0161e Osmanagi\u0107a, koji je sjedio na mjestu suvoza\u010da, da mu ruka ne zadrhti i tako je pucao i ubio Du\u0161ka Jovanovi\u0107a\u201c, podsjetila je \u0160\u0107eki\u0107.<\/p>\n<p>Ona je navela da je njen pokojni brat otkrio ko je ubio Du\u0161ka Jovanovi\u0107a i da nije isklju\u010deno da ga je to ko\u0161talo \u017eivota.<\/p>\n<blockquote class=\"wp-embedded-content\" data-secret=\"o5ohcM2dyR\"><p><a href=\"https:\/\/www.pcnen.com\/portal\/2024\/05\/27\/sestra-ubijenog-inspektora-scekica-moj-brat-znao-ko-je-ubio-duska-jovanovica\/\">Sestra ubijenog inspektora \u0160\u0107eki\u0107a: Moj brat znao ko je ubio Du\u0161ka Jovanovi\u0107a<\/a><\/p><\/blockquote>\n<p><iframe loading=\"lazy\" class=\"wp-embedded-content\" sandbox=\"allow-scripts\" security=\"restricted\" style=\"position: absolute; clip: rect(1px, 1px, 1px, 1px);\" title=\"&#8220;Sestra ubijenog inspektora \u0160\u0107eki\u0107a: Moj brat znao ko je ubio Du\u0161ka Jovanovi\u0107a&#8221; &#8212; PCNEN\" src=\"https:\/\/www.pcnen.com\/portal\/2024\/05\/27\/sestra-ubijenog-inspektora-scekica-moj-brat-znao-ko-je-ubio-duska-jovanovica\/embed\/#?secret=037XCvWWEz#?secret=o5ohcM2dyR\" data-secret=\"o5ohcM2dyR\" width=\"600\" height=\"338\" frameborder=\"0\" marginwidth=\"0\" marginheight=\"0\" scrolling=\"no\"><\/iframe><\/p>\n<p>&nbsp;<\/p>\n","protected":false},"excerpt":{"rendered":"<p>Slavica \u0160\u0107eki\u0107, sestra ubijenog crnogorskog policijskog funkcionera Slavoljuba \u0160\u0107eki\u0107a, saslu\u0161ana je u Vi\u0161em dr\u017eavnom tu\u017eila\u0161tvu nakon izjave da je na stolu njenog pokojnog brata vidjela dokument koji govori o u\u010de\u0161\u0107u Vuka Vulevi\u0107a u ubistvu Du\u0161ka Jovanovi\u0107a, vlasnika i glavnog urednika lista Dan<\/p>\n","protected":false},"author":1,"featured_media":402956,"comment_status":"open","ping_status":"closed","sticky":false,"template":"","format":"standard","meta":{"_seopress_robots_primary_cat":"none","_seopress_titles_title":"","_seopress_titles_desc":"","_seopress_robots_index":"","_et_pb_use_builder":"","_et_pb_old_content":"","_et_gb_content_width":"","inline_featured_image":false,"footnotes":""},"categories":[14],"tags":[],"class_list":["post-404283","post","type-post","status-publish","format-standard","has-post-thumbnail","hentry","category-vijesti"],"_links":{"self":[{"href":"https:\/\/www.pcnen.com\/portal\/wp-json\/wp\/v2\/posts\/404283","targetHints":{"allow":["GET"]}}],"collection":[{"href":"https:\/\/www.pcnen.com\/portal\/wp-json\/wp\/v2\/posts"}],"about":[{"href":"https:\/\/www.pcnen.com\/portal\/wp-json\/wp\/v2\/types\/post"}],"author":[{"embeddable":true,"href":"https:\/\/www.pcnen.com\/portal\/wp-json\/wp\/v2\/users\/1"}],"replies":[{"embeddable":true,"href":"https:\/\/www.pcnen.com\/portal\/wp-json\/wp\/v2\/comments?post=404283"}],"version-history":[{"count":1,"href":"https:\/\/www.pcnen.com\/portal\/wp-json\/wp\/v2\/posts\/404283\/revisions"}],"predecessor-version":[{"id":404286,"href":"https:\/\/www.pcnen.com\/portal\/wp-json\/wp\/v2\/posts\/404283\/revisions\/404286"}],"wp:featuredmedia":[{"embeddable":true,"href":"https:\/\/www.pcnen.com\/portal\/wp-json\/wp\/v2\/media\/402956"}],"wp:attachment":[{"href":"https:\/\/www.pcnen.com\/portal\/wp-json\/wp\/v2\/media?parent=404283"}],"wp:term":[{"taxonomy":"category","embeddable":true,"href":"https:\/\/www.pcnen.com\/portal\/wp-json\/wp\/v2\/categories?post=404283"},{"taxonomy":"post_tag","embeddable":true,"href":"https:\/\/www.pcnen.com\/portal\/wp-json\/wp\/v2\/tags?post=404283"}],"curies":[{"name":"wp","href":"https:\/\/api.w.org\/{rel}","templated":true}]}}