{"id":404279,"date":"2024-06-11T17:31:35","date_gmt":"2024-06-11T15:31:35","guid":{"rendered":"https:\/\/www.pcnen.com\/portal\/?p=404279"},"modified":"2024-06-11T17:31:35","modified_gmt":"2024-06-11T15:31:35","slug":"kurti-mi-nemamo-problem-sa-srbima-vec-sa-vladom-srbije","status":"publish","type":"post","link":"https:\/\/www.pcnen.com\/portal\/2024\/06\/11\/kurti-mi-nemamo-problem-sa-srbima-vec-sa-vladom-srbije\/","title":{"rendered":"Kurti: Mi nemamo problem sa Srbima, ve\u0107 sa Vladom Srbije"},"content":{"rendered":"<p>Premijer Kosova Aljbin Kurti izjavio je da Kosovo nema problem sa lokalnim Srbima u sjevernim op\u0161tinama vec\u0301 sa Beogradom koji se, kako ka\u017ee, nije ogradio ni od onda\u0161njeg Milo\u0161evic\u0301a, ni od dana\u0161njeg Putina.<\/p>\n<p>Na Samitu Zapadni Balkan 2024, koji se povodom 25 godina od zavr\u0161etka rata na Kosovu odr\u017eava u Pri\u0161tini, Kurti je rekao da je Kosovo ponudilo prava lokalnim Srbima, omoguc\u0301avajuc\u0301i njihovu punu integraciju, prenosi Beta.<\/p>\n<p>\u201eDeset od 38 op\u0161tina ima srpsku vec\u0301inu, 17 odsto odbornika u lokalnim parlamentima u svim op\u0161tinama su Srbi. Dobro sara\u0111ujemo i oni imaju Ministarstvo za zajednice. \u017delimo integraciju Srba na Kosovu. Ovdje imamo \u010detiri odsto srpskog stanovni\u0161tva, ali imamo i druge manjine koje \u017eelimo da po\u0161tujemo. \u017delimo da sara\u0111ujemo sa zajednicama kako bismo stvorili demokratsku republiku zasnovanu na pravima gra\u0111ana. Mislim da to ne bi trebalo da bude etni\u010dka podjela\u201c, rekao je Kurti.<\/p>\n<p>On je dodao je da Kosovo nema problema sa Srbima u Srbiji, ve\u0107 sa Vladom Srbije.<\/p>\n<p>\u201eNije problem u narodu sjevernog susjeda, vec\u0301 u Vladi Srbije. Nikako sa kosovskim Srbima koji se integri\u0161u\u201c, dodao je on.<\/p>\n","protected":false},"excerpt":{"rendered":"<p>Premijer Kosova Aljbin Kurti izjavio je da Kosovo nema problem sa lokalnim Srbima u sjevernim op\u0161tinama vec\u0301 sa Beogradom koji se, kako ka\u017ee, nije ogradio ni od onda\u0161njeg Milo\u0161evic\u0301a, ni od dana\u0161njeg Putina.<\/p>\n","protected":false},"author":1,"featured_media":355405,"comment_status":"open","ping_status":"closed","sticky":false,"template":"","format":"standard","meta":{"_seopress_robots_primary_cat":"none","_seopress_titles_title":"","_seopress_titles_desc":"","_seopress_robots_index":"","_et_pb_use_builder":"","_et_pb_old_content":"","_et_gb_content_width":"","inline_featured_image":false,"footnotes":""},"categories":[14],"tags":[],"class_list":["post-404279","post","type-post","status-publish","format-standard","has-post-thumbnail","hentry","category-vijesti"],"_links":{"self":[{"href":"https:\/\/www.pcnen.com\/portal\/wp-json\/wp\/v2\/posts\/404279","targetHints":{"allow":["GET"]}}],"collection":[{"href":"https:\/\/www.pcnen.com\/portal\/wp-json\/wp\/v2\/posts"}],"about":[{"href":"https:\/\/www.pcnen.com\/portal\/wp-json\/wp\/v2\/types\/post"}],"author":[{"embeddable":true,"href":"https:\/\/www.pcnen.com\/portal\/wp-json\/wp\/v2\/users\/1"}],"replies":[{"embeddable":true,"href":"https:\/\/www.pcnen.com\/portal\/wp-json\/wp\/v2\/comments?post=404279"}],"version-history":[{"count":1,"href":"https:\/\/www.pcnen.com\/portal\/wp-json\/wp\/v2\/posts\/404279\/revisions"}],"predecessor-version":[{"id":404282,"href":"https:\/\/www.pcnen.com\/portal\/wp-json\/wp\/v2\/posts\/404279\/revisions\/404282"}],"wp:featuredmedia":[{"embeddable":true,"href":"https:\/\/www.pcnen.com\/portal\/wp-json\/wp\/v2\/media\/355405"}],"wp:attachment":[{"href":"https:\/\/www.pcnen.com\/portal\/wp-json\/wp\/v2\/media?parent=404279"}],"wp:term":[{"taxonomy":"category","embeddable":true,"href":"https:\/\/www.pcnen.com\/portal\/wp-json\/wp\/v2\/categories?post=404279"},{"taxonomy":"post_tag","embeddable":true,"href":"https:\/\/www.pcnen.com\/portal\/wp-json\/wp\/v2\/tags?post=404279"}],"curies":[{"name":"wp","href":"https:\/\/api.w.org\/{rel}","templated":true}]}}