{"id":404261,"date":"2024-06-11T13:37:24","date_gmt":"2024-06-11T11:37:24","guid":{"rendered":"https:\/\/www.pcnen.com\/portal\/?p=404261"},"modified":"2024-06-11T13:37:24","modified_gmt":"2024-06-11T11:37:24","slug":"hamas-spreman-da-saradjuje-na-implementaciji-sporazuma-o-prekidu-vatre","status":"publish","type":"post","link":"https:\/\/www.pcnen.com\/portal\/2024\/06\/11\/hamas-spreman-da-saradjuje-na-implementaciji-sporazuma-o-prekidu-vatre\/","title":{"rendered":"Hamas spreman da sara\u0111uje na implementaciji sporazuma o prekidu vatre"},"content":{"rendered":"<p>Visoki zvani\u010dnik Hamasa Mahmud al-Mardavi je izjavio da je pokret Hamas spreman da sara\u0111uje na implementaciji sporazuma o prekidu vatre.<\/p>\n<p>Prema palestinskoj novinskoj agenciji Samaa, al-Mardavi je to rekao kao reakciju na rezoluciju Savjeta bezbjednosti UN koja ima za cilj okon\u010danje genocidnog rata Izraela u Gazi i uspostavljanje primirja na opkoljenoj palestinskoj teritoriji, <a href=\"https:\/\/en.irna.ir\/news\/85504953\/Hamas-ready-to-implement-ceasefire-agreement-Senior-official\" target=\"_blank\" rel=\"noopener\">prenosi<\/a> iranska agencija IRNA.<\/p>\n<p>&#8220;Pozdravljamo rezoluciju SB UN u vezi sa prekidom vatre u Gazi i spremni smo da sara\u0111ujemo sa posrednicima na njenoj implementaciji&#8221;, rekao je on.<\/p>\n<p>\u201cPosrednici moraju dobiti javnu obavezu okupatorskog re\u017eima u vezi sa prekidom vatre kako bismo mogli u\u0107i u pregovore\u201d, dodao je.<\/p>\n<p>Zvani\u010dnik Hamasa je tako\u0111e rekao da SAD moraju biti garant sporazuma.<\/p>\n<blockquote class=\"wp-embedded-content\" data-secret=\"Yy0MYa7XpY\"><p><a href=\"https:\/\/www.pcnen.com\/portal\/2024\/06\/11\/savjet-bezbjednosti-un-izglasao-predlog-sad-o-prekidu-vatre-u-gazi\/\">Savjet bezbjednosti UN izglasao predlog SAD o prekidu vatre u Gazi<\/a><\/p><\/blockquote>\n<p><iframe loading=\"lazy\" class=\"wp-embedded-content\" sandbox=\"allow-scripts\" security=\"restricted\" style=\"position: absolute; clip: rect(1px, 1px, 1px, 1px);\" title=\"&#8220;Savjet bezbjednosti UN izglasao predlog SAD o prekidu vatre u Gazi&#8221; &#8212; PCNEN\" src=\"https:\/\/www.pcnen.com\/portal\/2024\/06\/11\/savjet-bezbjednosti-un-izglasao-predlog-sad-o-prekidu-vatre-u-gazi\/embed\/#?secret=Ufe3H0dLiZ#?secret=Yy0MYa7XpY\" data-secret=\"Yy0MYa7XpY\" width=\"600\" height=\"338\" frameborder=\"0\" marginwidth=\"0\" marginheight=\"0\" scrolling=\"no\"><\/iframe><\/p>\n<p>&nbsp;<\/p>\n","protected":false},"excerpt":{"rendered":"<p>Prema palestinskoj novinskoj agenciji Samaa, al-Mardavi je to rekao kao reakciju na rezoluciju Savjeta bezbjednosti UN koja ima za cilj okon\u010danje genocidnog rata Izraela u Gazi i uspostavljanje primirja na opkoljenoj palestinskoj teritoriji<\/p>\n","protected":false},"author":1,"featured_media":0,"comment_status":"open","ping_status":"closed","sticky":false,"template":"","format":"standard","meta":{"_seopress_robots_primary_cat":"none","_seopress_titles_title":"","_seopress_titles_desc":"","_seopress_robots_index":"","_et_pb_use_builder":"","_et_pb_old_content":"","_et_gb_content_width":"","inline_featured_image":false,"footnotes":""},"categories":[14],"tags":[],"class_list":["post-404261","post","type-post","status-publish","format-standard","hentry","category-vijesti"],"_links":{"self":[{"href":"https:\/\/www.pcnen.com\/portal\/wp-json\/wp\/v2\/posts\/404261","targetHints":{"allow":["GET"]}}],"collection":[{"href":"https:\/\/www.pcnen.com\/portal\/wp-json\/wp\/v2\/posts"}],"about":[{"href":"https:\/\/www.pcnen.com\/portal\/wp-json\/wp\/v2\/types\/post"}],"author":[{"embeddable":true,"href":"https:\/\/www.pcnen.com\/portal\/wp-json\/wp\/v2\/users\/1"}],"replies":[{"embeddable":true,"href":"https:\/\/www.pcnen.com\/portal\/wp-json\/wp\/v2\/comments?post=404261"}],"version-history":[{"count":1,"href":"https:\/\/www.pcnen.com\/portal\/wp-json\/wp\/v2\/posts\/404261\/revisions"}],"predecessor-version":[{"id":404265,"href":"https:\/\/www.pcnen.com\/portal\/wp-json\/wp\/v2\/posts\/404261\/revisions\/404265"}],"wp:attachment":[{"href":"https:\/\/www.pcnen.com\/portal\/wp-json\/wp\/v2\/media?parent=404261"}],"wp:term":[{"taxonomy":"category","embeddable":true,"href":"https:\/\/www.pcnen.com\/portal\/wp-json\/wp\/v2\/categories?post=404261"},{"taxonomy":"post_tag","embeddable":true,"href":"https:\/\/www.pcnen.com\/portal\/wp-json\/wp\/v2\/tags?post=404261"}],"curies":[{"name":"wp","href":"https:\/\/api.w.org\/{rel}","templated":true}]}}