{"id":404257,"date":"2024-06-11T12:49:24","date_gmt":"2024-06-11T10:49:24","guid":{"rendered":"https:\/\/www.pcnen.com\/portal\/?p=404257"},"modified":"2024-06-11T12:49:24","modified_gmt":"2024-06-11T10:49:24","slug":"vladimir-drobnjak-na-celu-fonda-pio","status":"publish","type":"post","link":"https:\/\/www.pcnen.com\/portal\/2024\/06\/11\/vladimir-drobnjak-na-celu-fonda-pio\/","title":{"rendered":"Vladimir Drobnjak na \u010delu Fonda PIO"},"content":{"rendered":"<p>Upravnog odbora Fonda PIO je danas za v.d. direktora imenovao finansijski ekspert Vladimira Drobnjaka, prenosi portal RTCG.<\/p>\n<p>Drobnjak je do\u0161ao umjesto Ranka Aligurdi\u0107a, koji je na direktorsku funkciju izabran prije tri godine.<\/p>\n<p>Drobnjak je nekada radio u NLB banci, u Komisiji za hartije od vrijednosti&#8230;<\/p>\n<p>Na osnovu saglasnosti ve\u0107ine \u010dlanova, Vlada je pro\u0161le sedmice donijela Odluku o razrje\u0161enju \u010detiri \u010dlana Upravnog odbora Fonda PIO Crne Gore, zbog isteka mandata, i to Kemal \u0110e\u010devi\u0107, Branko Ve\u0161ovi\u0107, \u017deljko Buri\u0107 i Danilo Kalu\u0111erovi\u0107.<\/p>\n<p>Za predsjednika Upravnog odbora Fonda odlukom Vlade imenovana je Darka D\u017eabasan, a za \u010dlanove Katarina Kulu\u0161i\u0107, Dragan Ivanovi\u0107, Velibor Bulatovi\u0107, Danilo Kalu\u0111erovi\u0107, \u017deljko Buri\u0107 i Branko Ve\u0161ovi\u0107.<\/p>\n","protected":false},"excerpt":{"rendered":"<p>Upravnog odbora Fonda PIO je danas za v.d. direktora imenovao finansijski ekspert Vladimira Drobnjaka, prenosi portal RTCG.<\/p>\n","protected":false},"author":1,"featured_media":331675,"comment_status":"open","ping_status":"closed","sticky":false,"template":"","format":"standard","meta":{"_seopress_robots_primary_cat":"none","_seopress_titles_title":"","_seopress_titles_desc":"","_seopress_robots_index":"","_et_pb_use_builder":"","_et_pb_old_content":"","_et_gb_content_width":"","inline_featured_image":false,"footnotes":""},"categories":[14],"tags":[],"class_list":["post-404257","post","type-post","status-publish","format-standard","has-post-thumbnail","hentry","category-vijesti"],"_links":{"self":[{"href":"https:\/\/www.pcnen.com\/portal\/wp-json\/wp\/v2\/posts\/404257","targetHints":{"allow":["GET"]}}],"collection":[{"href":"https:\/\/www.pcnen.com\/portal\/wp-json\/wp\/v2\/posts"}],"about":[{"href":"https:\/\/www.pcnen.com\/portal\/wp-json\/wp\/v2\/types\/post"}],"author":[{"embeddable":true,"href":"https:\/\/www.pcnen.com\/portal\/wp-json\/wp\/v2\/users\/1"}],"replies":[{"embeddable":true,"href":"https:\/\/www.pcnen.com\/portal\/wp-json\/wp\/v2\/comments?post=404257"}],"version-history":[{"count":1,"href":"https:\/\/www.pcnen.com\/portal\/wp-json\/wp\/v2\/posts\/404257\/revisions"}],"predecessor-version":[{"id":404260,"href":"https:\/\/www.pcnen.com\/portal\/wp-json\/wp\/v2\/posts\/404257\/revisions\/404260"}],"wp:featuredmedia":[{"embeddable":true,"href":"https:\/\/www.pcnen.com\/portal\/wp-json\/wp\/v2\/media\/331675"}],"wp:attachment":[{"href":"https:\/\/www.pcnen.com\/portal\/wp-json\/wp\/v2\/media?parent=404257"}],"wp:term":[{"taxonomy":"category","embeddable":true,"href":"https:\/\/www.pcnen.com\/portal\/wp-json\/wp\/v2\/categories?post=404257"},{"taxonomy":"post_tag","embeddable":true,"href":"https:\/\/www.pcnen.com\/portal\/wp-json\/wp\/v2\/tags?post=404257"}],"curies":[{"name":"wp","href":"https:\/\/api.w.org\/{rel}","templated":true}]}}