{"id":404244,"date":"2024-06-11T10:54:09","date_gmt":"2024-06-11T08:54:09","guid":{"rendered":"https:\/\/www.pcnen.com\/portal\/?p=404244"},"modified":"2024-06-11T10:54:09","modified_gmt":"2024-06-11T08:54:09","slug":"njemacka-vlada-porazena-ali-ne-razmislja-o-vanrednim-izborima","status":"publish","type":"post","link":"https:\/\/www.pcnen.com\/portal\/2024\/06\/11\/njemacka-vlada-porazena-ali-ne-razmislja-o-vanrednim-izborima\/","title":{"rendered":"Njema\u010dka vlada pora\u017eena, ali ne razmi\u0161lja o vanrednim izborima"},"content":{"rendered":"<p>Njema\u010dki Demohri\u0161\u0107ani, koji su najbolje pro\u0161li na izborima za Evropski parlament, pozivaju na vanredne parlamentarne izbore, kao u Francuskoj, ali socijaldemokratski kancelar Olaf \u0160olc nema interesa za to, komentari\u0161e DW.<\/p>\n<p>Vanredni izbori za aktuelni vladaju\u0107u koaliciju u Njema\u010dkoj ne dolaze u obzir. Portparol vlade \u0160tefen Hebe\u0161trajt je naglasio ju\u010de da se o tome nije razmi\u0161ljalo \u201eni sekunde\u201c. U Nema\u010dkoj se o\u010dekuje da slede\u0107i saziv Bundestaga bude izabran redovno, na jesen 2025. godine. \u201ePlaniramo da to na taj na\u010din i sprovedemo\u201c, rekao je Hebe\u0161trajt. Planirano je da vlada potraje \u010detiri godine, prenosi DW.<\/p>\n<p>Njihova odluka je takva vjerovatno i zbog \u010dinjenice da bi njema\u010dki kancelar \u2013 za razliku od francuskog predsjednika \u2013 na vanrednim izborima vjerovatno izgubio. Makrona direktno bira narod i na funkciji je do 2027. godine, dok njema\u010dkog kancelara bira vec\u0301ina poslanika u Bundestagu, komentari\u0161e DW.<\/p>\n<p>Iz razloga politi\u010dke stabilnosti, u Njema\u010dkoj nije tako lako raspustiti Bundestag i raspisati vanredne izbore. Preduslov je da kancelar vi\u0161e nema ve\u0107inu poslanika iza sebe u parlamentu. \u0160olc bi u tom slu\u010daju mogao da zatra\u017ei od saveznog predsjednika da raspusti Bundestag i raspi\u0161e nove izbore.<\/p>\n<p>Ali SPD, Zeleni i Liberali za to nemaju nikakvog interesa. Pored gubitka vlade, brojni poslanici bi vjerovatno morali da strahuju i da vi\u0161e ne\u0107e biti izabrani u Bundestag, pi\u0161e DW.<\/p>\n","protected":false},"excerpt":{"rendered":"<p>Njema\u010dki Demohri\u0161\u0107ani pozivaju na nove izbore, kao u Francuskoj, ali socijaldemokratski kancelar Olaf \u0160olc nema interesa za to, komentari\u0161e DW<\/p>\n","protected":false},"author":1,"featured_media":326956,"comment_status":"open","ping_status":"closed","sticky":false,"template":"","format":"standard","meta":{"_seopress_robots_primary_cat":"none","_seopress_titles_title":"","_seopress_titles_desc":"","_seopress_robots_index":"","_et_pb_use_builder":"","_et_pb_old_content":"","_et_gb_content_width":"","inline_featured_image":false,"footnotes":""},"categories":[14],"tags":[],"class_list":["post-404244","post","type-post","status-publish","format-standard","has-post-thumbnail","hentry","category-vijesti"],"_links":{"self":[{"href":"https:\/\/www.pcnen.com\/portal\/wp-json\/wp\/v2\/posts\/404244","targetHints":{"allow":["GET"]}}],"collection":[{"href":"https:\/\/www.pcnen.com\/portal\/wp-json\/wp\/v2\/posts"}],"about":[{"href":"https:\/\/www.pcnen.com\/portal\/wp-json\/wp\/v2\/types\/post"}],"author":[{"embeddable":true,"href":"https:\/\/www.pcnen.com\/portal\/wp-json\/wp\/v2\/users\/1"}],"replies":[{"embeddable":true,"href":"https:\/\/www.pcnen.com\/portal\/wp-json\/wp\/v2\/comments?post=404244"}],"version-history":[{"count":1,"href":"https:\/\/www.pcnen.com\/portal\/wp-json\/wp\/v2\/posts\/404244\/revisions"}],"predecessor-version":[{"id":404247,"href":"https:\/\/www.pcnen.com\/portal\/wp-json\/wp\/v2\/posts\/404244\/revisions\/404247"}],"wp:featuredmedia":[{"embeddable":true,"href":"https:\/\/www.pcnen.com\/portal\/wp-json\/wp\/v2\/media\/326956"}],"wp:attachment":[{"href":"https:\/\/www.pcnen.com\/portal\/wp-json\/wp\/v2\/media?parent=404244"}],"wp:term":[{"taxonomy":"category","embeddable":true,"href":"https:\/\/www.pcnen.com\/portal\/wp-json\/wp\/v2\/categories?post=404244"},{"taxonomy":"post_tag","embeddable":true,"href":"https:\/\/www.pcnen.com\/portal\/wp-json\/wp\/v2\/tags?post=404244"}],"curies":[{"name":"wp","href":"https:\/\/api.w.org\/{rel}","templated":true}]}}