{"id":404227,"date":"2024-06-11T08:35:44","date_gmt":"2024-06-11T06:35:44","guid":{"rendered":"https:\/\/www.pcnen.com\/portal\/?p=404227"},"modified":"2024-06-11T08:35:44","modified_gmt":"2024-06-11T06:35:44","slug":"ide-li-milo-djukanovic-u-nato","status":"publish","type":"post","link":"https:\/\/www.pcnen.com\/portal\/2024\/06\/11\/ide-li-milo-djukanovic-u-nato\/","title":{"rendered":"Ide li Milo \u0110ukanovi\u0107 u NATO"},"content":{"rendered":"<p>Turski mediji pi\u0161u, pozivaju\u0107i se na saznanja iz visokih diplomatskih izvora iz nekoliko \u010dlanica NATO, da je u toku priprema inicijative za kandidovanje Mila \u0110ukanovi\u0107a za zamjenika generalnog sekretara Alijanse.<\/p>\n<p>Iza te inicijative, kako se navodi, do sada stoji devet \u010dlanica Alijanse, me\u0111u njima je i Turska.<\/p>\n<p>Ovo je danas objavio turski portal &#8220;Firtina Haber&#8221;, koji u tekstu isti\u010de da bi kandidat iz Isto\u010dne Evrope imao dobre \u0161anse i da bi to bila svojevrsna poruka samog NATO-a.<\/p>\n<p>&#8220;Na draftu nacrta rade diplomate iz devet \u010dlanica. Oni namjeravaju da kandiduju \u0110ukanovi\u0107a, pri \u010demu u dokumentu navode da Crna Gora, pod liderstvom \u0110ukanovi\u0107a, ne samo da je bila jedina dr\u017eava biv\u0161e Jugoslavije koja je uspjela bez vojnog konflikta da stekne samostalnost, ve\u0107 je odmah postala i najpozitivniji regionalni primjer za skladne unutra\u0161nje odnose i \u0161irenje tolerancije i pomirenja u post-konfliktnom Balkanu&#8221;, ka\u017ee se u objavi, ali bez navo\u0111enja o kojih devet \u010dlanica NATO je rije\u010d, prenijele su mediji..<\/p>\n<p>Crna Gora je u NATO u\u0161la prije sedam godina. To je ura\u0111eno odlukom \u0110ukanovi\u0107a i njegovih partnera uz tada\u0161nje vlasti, mimo obavezuju\u0107eg referenduma.<\/p>\n<p>Nekoliko godina potom, biv\u0161i premijer Du\u0161ko Markovi\u0107, potvrdio je da je u tom momentu ogroman broj gra\u0111ana Crne Gore bio protiv toga, prenosi b92.<\/p>\n","protected":false},"excerpt":{"rendered":"<p>Turski mediji pi\u0161u, pozivaju\u0107i se na saznanja iz visokih diplomatskih izvora iz nekoliko \u010dlanica NATO, da je u toku priprema inicijative za kandidovanje Mila \u0110ukanovi\u0107a za zamjenika generalnog sekretara Alijanse.<\/p>\n","protected":false},"author":1,"featured_media":312157,"comment_status":"open","ping_status":"closed","sticky":false,"template":"","format":"standard","meta":{"_seopress_robots_primary_cat":"none","_seopress_titles_title":"","_seopress_titles_desc":"","_seopress_robots_index":"","_et_pb_use_builder":"","_et_pb_old_content":"","_et_gb_content_width":"","inline_featured_image":false,"footnotes":""},"categories":[14],"tags":[],"class_list":["post-404227","post","type-post","status-publish","format-standard","has-post-thumbnail","hentry","category-vijesti"],"_links":{"self":[{"href":"https:\/\/www.pcnen.com\/portal\/wp-json\/wp\/v2\/posts\/404227","targetHints":{"allow":["GET"]}}],"collection":[{"href":"https:\/\/www.pcnen.com\/portal\/wp-json\/wp\/v2\/posts"}],"about":[{"href":"https:\/\/www.pcnen.com\/portal\/wp-json\/wp\/v2\/types\/post"}],"author":[{"embeddable":true,"href":"https:\/\/www.pcnen.com\/portal\/wp-json\/wp\/v2\/users\/1"}],"replies":[{"embeddable":true,"href":"https:\/\/www.pcnen.com\/portal\/wp-json\/wp\/v2\/comments?post=404227"}],"version-history":[{"count":1,"href":"https:\/\/www.pcnen.com\/portal\/wp-json\/wp\/v2\/posts\/404227\/revisions"}],"predecessor-version":[{"id":404230,"href":"https:\/\/www.pcnen.com\/portal\/wp-json\/wp\/v2\/posts\/404227\/revisions\/404230"}],"wp:featuredmedia":[{"embeddable":true,"href":"https:\/\/www.pcnen.com\/portal\/wp-json\/wp\/v2\/media\/312157"}],"wp:attachment":[{"href":"https:\/\/www.pcnen.com\/portal\/wp-json\/wp\/v2\/media?parent=404227"}],"wp:term":[{"taxonomy":"category","embeddable":true,"href":"https:\/\/www.pcnen.com\/portal\/wp-json\/wp\/v2\/categories?post=404227"},{"taxonomy":"post_tag","embeddable":true,"href":"https:\/\/www.pcnen.com\/portal\/wp-json\/wp\/v2\/tags?post=404227"}],"curies":[{"name":"wp","href":"https:\/\/api.w.org\/{rel}","templated":true}]}}