{"id":404205,"date":"2024-06-10T22:20:04","date_gmt":"2024-06-10T20:20:04","guid":{"rendered":"https:\/\/www.pcnen.com\/portal\/?p=404205"},"modified":"2024-06-10T22:20:04","modified_gmt":"2024-06-10T20:20:04","slug":"malo-do-umjereno-oblacno-do-30-stepeni","status":"publish","type":"post","link":"https:\/\/www.pcnen.com\/portal\/2024\/06\/10\/malo-do-umjereno-oblacno-do-30-stepeni\/","title":{"rendered":"Malo do umjereno obla\u010dno, do 30 stepeni"},"content":{"rendered":"<p>U Crnoj Gori \u0107e u utorak biti malo do umjereno obla\u010dno sa du\u017eim sun\u010danim intervalima.<\/p>\n<p>U popodnevnim satima, u planinskim oblastima, ponegdje \u0107e biti uslova za kratkotrajnu ki\u0161u ili pljusak i grmljavinu.<\/p>\n<p>Vjetar mjestimi\u010dno umjeren do poja\u010dan, bi\u0107e ju\u017eni.<\/p>\n<p>Jutarnja temperatura vazduha kreta\u0107e se od 8 do 21, najvi\u0161a dnevna od 21 do 31 stepen.<br \/>\nU Podgorici \u0107e biti malo do umjereno obla\u010dno sa du\u017eim sun\u010danim intervalima uz malu mogu\u0107nost za kratkotrajnu nestabilnost tokom dana.<\/p>\n<p>Vjetar uglavnom slab do umjeren, ju\u017enih smjerova.<\/p>\n<p>Jutarnja temperatura vazduha bi\u0107e oko 19, najvi\u0161a dnevna 30 stepeni.<\/p>\n","protected":false},"excerpt":{"rendered":"<p>U Crnoj Gori \u0107e u utorak biti malo do umjereno obla\u010dno sa du\u017eim sun\u010danim intervalima.<\/p>\n","protected":false},"author":1,"featured_media":297825,"comment_status":"open","ping_status":"closed","sticky":false,"template":"","format":"standard","meta":{"_seopress_robots_primary_cat":"none","_seopress_titles_title":"","_seopress_titles_desc":"","_seopress_robots_index":"","_et_pb_use_builder":"","_et_pb_old_content":"","_et_gb_content_width":"","inline_featured_image":false,"footnotes":""},"categories":[14],"tags":[],"class_list":["post-404205","post","type-post","status-publish","format-standard","has-post-thumbnail","hentry","category-vijesti"],"_links":{"self":[{"href":"https:\/\/www.pcnen.com\/portal\/wp-json\/wp\/v2\/posts\/404205","targetHints":{"allow":["GET"]}}],"collection":[{"href":"https:\/\/www.pcnen.com\/portal\/wp-json\/wp\/v2\/posts"}],"about":[{"href":"https:\/\/www.pcnen.com\/portal\/wp-json\/wp\/v2\/types\/post"}],"author":[{"embeddable":true,"href":"https:\/\/www.pcnen.com\/portal\/wp-json\/wp\/v2\/users\/1"}],"replies":[{"embeddable":true,"href":"https:\/\/www.pcnen.com\/portal\/wp-json\/wp\/v2\/comments?post=404205"}],"version-history":[{"count":1,"href":"https:\/\/www.pcnen.com\/portal\/wp-json\/wp\/v2\/posts\/404205\/revisions"}],"predecessor-version":[{"id":404208,"href":"https:\/\/www.pcnen.com\/portal\/wp-json\/wp\/v2\/posts\/404205\/revisions\/404208"}],"wp:featuredmedia":[{"embeddable":true,"href":"https:\/\/www.pcnen.com\/portal\/wp-json\/wp\/v2\/media\/297825"}],"wp:attachment":[{"href":"https:\/\/www.pcnen.com\/portal\/wp-json\/wp\/v2\/media?parent=404205"}],"wp:term":[{"taxonomy":"category","embeddable":true,"href":"https:\/\/www.pcnen.com\/portal\/wp-json\/wp\/v2\/categories?post=404205"},{"taxonomy":"post_tag","embeddable":true,"href":"https:\/\/www.pcnen.com\/portal\/wp-json\/wp\/v2\/tags?post=404205"}],"curies":[{"name":"wp","href":"https:\/\/api.w.org\/{rel}","templated":true}]}}