{"id":404194,"date":"2024-06-10T19:50:00","date_gmt":"2024-06-10T17:50:00","guid":{"rendered":"https:\/\/www.pcnen.com\/portal\/?p=404194"},"modified":"2024-06-10T19:50:00","modified_gmt":"2024-06-10T17:50:00","slug":"spajic-milovic-stao-rame-uz-rame-sa-predsjednikom-crne-gore-u-pokusaju-destabilizacije-integriteta-vlade","status":"publish","type":"post","link":"https:\/\/www.pcnen.com\/portal\/2024\/06\/10\/spajic-milovic-stao-rame-uz-rame-sa-predsjednikom-crne-gore-u-pokusaju-destabilizacije-integriteta-vlade\/","title":{"rendered":"Spaji\u0107: Milovi\u0107 stao rame uz rame sa predsjednikom Crne Gore u poku\u0161aju destabilizacije integriteta Vlade"},"content":{"rendered":"<p>Premijer Milojko Spaji\u0107 je reagovao na dana\u0161nji istup ministra pravde Andreja Milovi\u0107a, \u010diju je konferenciju za medije nazvao &#8220;obi\u010dnom predstavom za javnost&#8221;.<\/p>\n<p>&#8220;Preciznosti radi, Milovi\u0107evi raniji nastupi u javnosti, na koje sam mu vrlo jasno skretao pa\u017enju, a na momente ih se i stidio, razlog su podno\u0161enja predloga za njegovu smjenu, koji zbog rada na ispunjavanju evropske agende nije mogao biti podnijet ranije.<\/p>\n<p>U prethodnim mjesecima u\u010dinio sam sve da ministar pravde, zbog njegovog, ali prije svega ugleda 44. Vlade poradi na ministarskom djelovanju, skladno povjerenju koje sam mu ukazao i o\u010dekivanjima koja sam od njega imao. Ali Andrej Milovi\u0107 je sam izabrao&#8221;, pi\u0161e Spaji\u0107 u reagovanju koje je proslije\u0111eno medijima.<\/p>\n<p>On je dodao da je Milovi\u0107 &#8220;na ovaj na\u010din stao (je) rame uz rame sa predsjednikom Crne Gore u poku\u0161aju destabilizacije integriteta Vlade i time uru\u0161avanja evropskog puta Crne Gore&#8221;.<\/p>\n<p>Spaji\u0107 je najavio da \u0107e predlog za razrje\u0161enje Milovi\u0107a predati Skup\u0161tini &#8220;u najkra\u0107em roku, kako bi Vlada natavila da se posve\u0107eno i odgovorno bavi ostvarenjem svojih ciljeva&#8221;.<\/p>\n<blockquote class=\"wp-embedded-content\" data-secret=\"G9x6QJe3Kb\"><p><a href=\"https:\/\/www.pcnen.com\/portal\/2024\/06\/10\/milovic-porucio-spajicu-stisnite-petlju-predlozite-moje-razrjesenje\/\">Milovi\u0107 poru\u010dio Spaji\u0107u: Stisnite petlju, predlo\u017eite moje razrje\u0161enje<\/a><\/p><\/blockquote>\n<p><iframe loading=\"lazy\" class=\"wp-embedded-content\" sandbox=\"allow-scripts\" security=\"restricted\" style=\"position: absolute; clip: rect(1px, 1px, 1px, 1px);\" title=\"&#8220;Milovi\u0107 poru\u010dio Spaji\u0107u: Stisnite petlju, predlo\u017eite moje razrje\u0161enje&#8221; &#8212; PCNEN\" src=\"https:\/\/www.pcnen.com\/portal\/2024\/06\/10\/milovic-porucio-spajicu-stisnite-petlju-predlozite-moje-razrjesenje\/embed\/#?secret=Q7e7xRkpjq#?secret=G9x6QJe3Kb\" data-secret=\"G9x6QJe3Kb\" width=\"600\" height=\"338\" frameborder=\"0\" marginwidth=\"0\" marginheight=\"0\" scrolling=\"no\"><\/iframe><\/p>\n","protected":false},"excerpt":{"rendered":"<p>Premijer Milojko Spaji\u0107 je reagovao na dana\u0161nji istup ministra pravde Andreja Milovi\u0107a, \u010diju je konferenciju za medije nazvao &#8220;obi\u010dnom predstavom za javnost&#8221;<\/p>\n","protected":false},"author":1,"featured_media":388781,"comment_status":"open","ping_status":"closed","sticky":false,"template":"","format":"standard","meta":{"_seopress_robots_primary_cat":"none","_seopress_titles_title":"","_seopress_titles_desc":"","_seopress_robots_index":"","_et_pb_use_builder":"","_et_pb_old_content":"","_et_gb_content_width":"","inline_featured_image":false,"footnotes":""},"categories":[14],"tags":[],"class_list":["post-404194","post","type-post","status-publish","format-standard","has-post-thumbnail","hentry","category-vijesti"],"_links":{"self":[{"href":"https:\/\/www.pcnen.com\/portal\/wp-json\/wp\/v2\/posts\/404194","targetHints":{"allow":["GET"]}}],"collection":[{"href":"https:\/\/www.pcnen.com\/portal\/wp-json\/wp\/v2\/posts"}],"about":[{"href":"https:\/\/www.pcnen.com\/portal\/wp-json\/wp\/v2\/types\/post"}],"author":[{"embeddable":true,"href":"https:\/\/www.pcnen.com\/portal\/wp-json\/wp\/v2\/users\/1"}],"replies":[{"embeddable":true,"href":"https:\/\/www.pcnen.com\/portal\/wp-json\/wp\/v2\/comments?post=404194"}],"version-history":[{"count":1,"href":"https:\/\/www.pcnen.com\/portal\/wp-json\/wp\/v2\/posts\/404194\/revisions"}],"predecessor-version":[{"id":404199,"href":"https:\/\/www.pcnen.com\/portal\/wp-json\/wp\/v2\/posts\/404194\/revisions\/404199"}],"wp:featuredmedia":[{"embeddable":true,"href":"https:\/\/www.pcnen.com\/portal\/wp-json\/wp\/v2\/media\/388781"}],"wp:attachment":[{"href":"https:\/\/www.pcnen.com\/portal\/wp-json\/wp\/v2\/media?parent=404194"}],"wp:term":[{"taxonomy":"category","embeddable":true,"href":"https:\/\/www.pcnen.com\/portal\/wp-json\/wp\/v2\/categories?post=404194"},{"taxonomy":"post_tag","embeddable":true,"href":"https:\/\/www.pcnen.com\/portal\/wp-json\/wp\/v2\/tags?post=404194"}],"curies":[{"name":"wp","href":"https:\/\/api.w.org\/{rel}","templated":true}]}}