{"id":404181,"date":"2024-06-10T14:53:30","date_gmt":"2024-06-10T12:53:30","guid":{"rendered":"https:\/\/www.pcnen.com\/portal\/?p=404181"},"modified":"2024-06-10T14:53:30","modified_gmt":"2024-06-10T12:53:30","slug":"smcg-poziva-skupstinu-da-jos-jednom-razmotri-odredbe-zakona-o-nacionalnom-javnom-emiteru","status":"publish","type":"post","link":"https:\/\/www.pcnen.com\/portal\/2024\/06\/10\/smcg-poziva-skupstinu-da-jos-jednom-razmotri-odredbe-zakona-o-nacionalnom-javnom-emiteru\/","title":{"rendered":"SMCG poziva Skup\u0161tinu da jo\u0161 jednom razmotri odredbe Zakona o nacionalnom javnom emiteru"},"content":{"rendered":"<p>Sindikat medija Crne Gore apeluje na poslanike i poslanice Skup\u0161tine Crne Gore da jo\u0161 jednom razmotre odredbe Zakona o nacionalnom javnom emiteru &#8211; Javnom medijskom servisu Crne Gore i unesu izmjene koje \u0107e sprije\u010diti momentalnu \u0161tetu koja \u0107e nastati ukoliko trenutni tekst Zakona stupi na snagu.<\/p>\n<p>\u201cSindikat medija predstavlja 300 zaposlenih u Radio televiziji Crne Gore ali i 400 zaposlenih u ostalim crnogorskim medijima i zajedno smo zabrinuti za kompletnu medijsku scenu zbog onoga \u0161to \u0107e uslijediti ve\u0107 od prvog dana primjene Zakona, pi\u0161e u saop\u0161tenju SMCG. &#8220;Sindikat medija predstavlja 300 zaposlenih u Radio televiziji Crne Gore ali i 400 zaposlenih u ostalim crnogorskim medijima i zajedno smo zabrinuti za kompletnu medijsku scenu zbog onoga \u0161to \u0107e uslijediti ve\u0107 od prvog dana primjene Zakona&#8221;, pi\u0161e u saop\u0161tenju.<\/p>\n<p>Oni su podsjetili da je usvojenim Zakonom otvorena ponovna mogu\u0107nost ogla\u0161avanja u udarnim terminima (primetime) od 20 do 22 \u010dasa na Javnom servisu &#8220;koji nema realne potrebe za novcem koji \u0107e dobiti na taj na\u010din jer ga dr\u017eava ve\u0107 obilno finansira i ima priliku da ostvaruje marketin\u0161ke prihode u ostalim terminima, a nanije\u0107e nemjerljivu \u0161tetu privatnim medijima i ote\u017eati polo\u017eaj zaposlenih u njima.&#8221;<\/p>\n<p>&#8220;Druga odredba koju molimo Skup\u0161tinu da promijeni ti\u010de se sni\u017eavanja kriterijuma za mjesto generalnog direktora za koje sad treba samo pet, umjesto ranije dogovorenih 10 godina radnog iskustva, da bi upravljao kompleksnim sistemom kakav je Javni servis koji zapo\u0161ljava oko 800 ljudi. Predsjednik Crne Grore je poslanicima i poslanicama dao priliku da jo\u0161 jednom razmotre odredbe koje i sam smatra poblemati\u010dnim i mi apelujemo da to sa du\u017enom pa\u017enjom i urade&#8221;, dodali su.<\/p>\n<p>Prema njihovim rije\u010dima kad god su crnogorski sudovi na svim nivoima &#8220;odlu\u010divali o zakonitosti izbora Borisa Raoni\u0107a na mjesto generalnog direktora RTCG, presudili su da je on tu nezakonito.&#8221;<\/p>\n<p>&#8220;Takvo stanje traje ve\u0107 tri godine i opisano je u pet dosada\u0161njih presuda, a jo\u0161 dvije se \u010dekaju i njihov ishod se jasno mo\u017ee naslutiti. Smatramo da bi smanjivanje kriterijuma za takvog kandidata bilo poni\u017eenje gra\u0111ana koji su i izabrali poslanike ali i njih samih, jer ne bi donijeli odluke koje su u javnom interesu nego bi ga podredili li\u010dnom interesu jednog \u010dovjeka&#8221;, zaklju\u010dili su iz SMCG.<\/p>\n","protected":false},"excerpt":{"rendered":"<p>Sindikat medija Crne Gore apeluje na poslanike i poslanice Skup\u0161tine Crne Gore da jo\u0161 jednom razmotre odredbe Zakona o nacionalnom javnom emiteru &#8211; Javnom medijskom servisu Crne Gore i unesu izmjene koje \u0107e sprije\u010diti momentalnu \u0161tetu koja \u0107e nastati ukoliko trenutni tekst Zakona stupi na snagu.<\/p>\n","protected":false},"author":1,"featured_media":305663,"comment_status":"open","ping_status":"closed","sticky":false,"template":"","format":"standard","meta":{"_seopress_robots_primary_cat":"none","_seopress_titles_title":"","_seopress_titles_desc":"","_seopress_robots_index":"","_et_pb_use_builder":"","_et_pb_old_content":"","_et_gb_content_width":"","inline_featured_image":false,"footnotes":""},"categories":[14],"tags":[],"class_list":["post-404181","post","type-post","status-publish","format-standard","has-post-thumbnail","hentry","category-vijesti"],"_links":{"self":[{"href":"https:\/\/www.pcnen.com\/portal\/wp-json\/wp\/v2\/posts\/404181","targetHints":{"allow":["GET"]}}],"collection":[{"href":"https:\/\/www.pcnen.com\/portal\/wp-json\/wp\/v2\/posts"}],"about":[{"href":"https:\/\/www.pcnen.com\/portal\/wp-json\/wp\/v2\/types\/post"}],"author":[{"embeddable":true,"href":"https:\/\/www.pcnen.com\/portal\/wp-json\/wp\/v2\/users\/1"}],"replies":[{"embeddable":true,"href":"https:\/\/www.pcnen.com\/portal\/wp-json\/wp\/v2\/comments?post=404181"}],"version-history":[{"count":1,"href":"https:\/\/www.pcnen.com\/portal\/wp-json\/wp\/v2\/posts\/404181\/revisions"}],"predecessor-version":[{"id":404184,"href":"https:\/\/www.pcnen.com\/portal\/wp-json\/wp\/v2\/posts\/404181\/revisions\/404184"}],"wp:featuredmedia":[{"embeddable":true,"href":"https:\/\/www.pcnen.com\/portal\/wp-json\/wp\/v2\/media\/305663"}],"wp:attachment":[{"href":"https:\/\/www.pcnen.com\/portal\/wp-json\/wp\/v2\/media?parent=404181"}],"wp:term":[{"taxonomy":"category","embeddable":true,"href":"https:\/\/www.pcnen.com\/portal\/wp-json\/wp\/v2\/categories?post=404181"},{"taxonomy":"post_tag","embeddable":true,"href":"https:\/\/www.pcnen.com\/portal\/wp-json\/wp\/v2\/tags?post=404181"}],"curies":[{"name":"wp","href":"https:\/\/api.w.org\/{rel}","templated":true}]}}