{"id":404177,"date":"2024-06-10T14:46:08","date_gmt":"2024-06-10T12:46:08","guid":{"rendered":"https:\/\/www.pcnen.com\/portal\/?p=404177"},"modified":"2024-06-10T14:46:08","modified_gmt":"2024-06-10T12:46:08","slug":"pes-vlada-da-prihvati-milovicevu-ostavku","status":"publish","type":"post","link":"https:\/\/www.pcnen.com\/portal\/2024\/06\/10\/pes-vlada-da-prihvati-milovicevu-ostavku\/","title":{"rendered":"PES: Vlada da prihvati Milovi\u0107evu ostavku"},"content":{"rendered":"<p>Nakon zahtjeva ministra pravde Andreja Milovi\u0107a da predsjednik Vlade Milojko Spaji\u0107 uputi predlog Skup\u0161tini za njegovu smjenu, pozivamo aktuelnu Vladu da prihvati ostavku gospodina Milovi\u0107a, napisali su na X mre\u017ei iz Pokreta Evropa sad (PES).<\/p>\n<p>&#8220;Podsje\u0107amo sa su nadle\u017eni organi pokreta donijeli jednoglasnu odluku o isklju\u010denju nakon \u0161to je gospodin Milovi\u0107 u kontinuitetu zastupao stavove koji nisu usagla\u0161eni sa partijom, pa je na kraju ovakav scenario sasvim o\u010dekivan i realan. Odluke koje se odnose na ekstradicione postupke, zastupanje politika koje nisu bliske partiji koja ga je kandidovala za \u010dlana Vlade, neki su od postupaka koji su uticali na status gospodina Milovi\u0107a u PES-u&#8221;, pi\u0161u iz PES.<\/p>\n<p>Iz PES-a su istakli da su Milovi\u0107 i slu\u017ebenici Ministarstva pravde nakon \u0161to je isklju\u010den Milovi\u0107 iz partije, &#8220;posve\u0107eno radili na izradi IBAR zakona, dok je resorni ministar u klju\u010dnoj sedmici boravio u vi\u0161ednevnoj posjeti SAD-u, \u0161to nije uticalo na rad i doprinos odgovornih slu\u017ebenika ministarstva pravde&#8221;.<\/p>\n<p>&#8220;Gospodinu Milovi\u0107u se zahvaljujemo na radu i doprinosu koji je dao u izbornim kampanjama kao funkcioner PES-a&#8221;, zaklju\u010duje.<\/p>\n<blockquote class=\"twitter-tweet\">\n<p dir=\"ltr\" lang=\"und\">Nakon zahtjeva ministra pravde da predsjednik Vlade uputi predlog Skup\u0161tini za njegovu smjenu, pozivamo aktuelnu Vladu da prihvati ostavku godpodina Milovi\u0107a. \u2063<br \/>\n\u2063<br \/>\nPodsje\u0107amo sa su nadle\u017eni organi pokreta donijeli jednoglasnu odluku o isklju\u010denju nakon \u0161to je gospodin Milovi\u0107 u\u2026 <a href=\"https:\/\/t.co\/Y8nmZZxOKm\">pic.twitter.com\/Y8nmZZxOKm<\/a><\/p>\n<p>\u2014 Pokret Evropa sad! (@pokretevropasad) <a href=\"https:\/\/twitter.com\/pokretevropasad\/status\/1800144454201840072?ref_src=twsrc%5Etfw\">June 10, 2024<\/a><\/p><\/blockquote>\n<blockquote class=\"wp-embedded-content\" data-secret=\"JudmbfCmYv\"><p><a href=\"https:\/\/www.pcnen.com\/portal\/2024\/06\/10\/milovic-porucio-spajicu-stisnite-petlju-predlozite-moje-razrjesenje\/\">Milovi\u0107 poru\u010dio Spaji\u0107u: Stisnite petlju, predlo\u017eite moje razrje\u0161enje<\/a><\/p><\/blockquote>\n<p><iframe loading=\"lazy\" class=\"wp-embedded-content\" sandbox=\"allow-scripts\" security=\"restricted\" style=\"position: absolute; clip: rect(1px, 1px, 1px, 1px);\" title=\"&#8220;Milovi\u0107 poru\u010dio Spaji\u0107u: Stisnite petlju, predlo\u017eite moje razrje\u0161enje&#8221; &#8212; PCNEN\" src=\"https:\/\/www.pcnen.com\/portal\/2024\/06\/10\/milovic-porucio-spajicu-stisnite-petlju-predlozite-moje-razrjesenje\/embed\/#?secret=eeV8AJzJ9v#?secret=JudmbfCmYv\" data-secret=\"JudmbfCmYv\" width=\"600\" height=\"338\" frameborder=\"0\" marginwidth=\"0\" marginheight=\"0\" scrolling=\"no\"><\/iframe><\/p>\n","protected":false},"excerpt":{"rendered":"<p>Nakon zahtjeva ministra pravde Andreja Milovi\u0107a da predsjednik Vlade Milojko Spaji\u0107 uputi predlog Skup\u0161tini za njegovu smjenu, pozivamo aktuelnu Vladu da prihvati ostavku gospodina Milovi\u0107a, napisali su na X mre\u017ei iz Pokreta Evropa sad (PES).<\/p>\n","protected":false},"author":1,"featured_media":348615,"comment_status":"open","ping_status":"closed","sticky":false,"template":"","format":"standard","meta":{"_seopress_robots_primary_cat":"none","_seopress_titles_title":"","_seopress_titles_desc":"","_seopress_robots_index":"","_et_pb_use_builder":"","_et_pb_old_content":"","_et_gb_content_width":"","inline_featured_image":false,"footnotes":""},"categories":[14],"tags":[],"class_list":["post-404177","post","type-post","status-publish","format-standard","has-post-thumbnail","hentry","category-vijesti"],"_links":{"self":[{"href":"https:\/\/www.pcnen.com\/portal\/wp-json\/wp\/v2\/posts\/404177","targetHints":{"allow":["GET"]}}],"collection":[{"href":"https:\/\/www.pcnen.com\/portal\/wp-json\/wp\/v2\/posts"}],"about":[{"href":"https:\/\/www.pcnen.com\/portal\/wp-json\/wp\/v2\/types\/post"}],"author":[{"embeddable":true,"href":"https:\/\/www.pcnen.com\/portal\/wp-json\/wp\/v2\/users\/1"}],"replies":[{"embeddable":true,"href":"https:\/\/www.pcnen.com\/portal\/wp-json\/wp\/v2\/comments?post=404177"}],"version-history":[{"count":1,"href":"https:\/\/www.pcnen.com\/portal\/wp-json\/wp\/v2\/posts\/404177\/revisions"}],"predecessor-version":[{"id":404180,"href":"https:\/\/www.pcnen.com\/portal\/wp-json\/wp\/v2\/posts\/404177\/revisions\/404180"}],"wp:featuredmedia":[{"embeddable":true,"href":"https:\/\/www.pcnen.com\/portal\/wp-json\/wp\/v2\/media\/348615"}],"wp:attachment":[{"href":"https:\/\/www.pcnen.com\/portal\/wp-json\/wp\/v2\/media?parent=404177"}],"wp:term":[{"taxonomy":"category","embeddable":true,"href":"https:\/\/www.pcnen.com\/portal\/wp-json\/wp\/v2\/categories?post=404177"},{"taxonomy":"post_tag","embeddable":true,"href":"https:\/\/www.pcnen.com\/portal\/wp-json\/wp\/v2\/tags?post=404177"}],"curies":[{"name":"wp","href":"https:\/\/api.w.org\/{rel}","templated":true}]}}