{"id":404161,"date":"2024-06-10T11:33:35","date_gmt":"2024-06-10T09:33:35","guid":{"rendered":"https:\/\/www.pcnen.com\/portal\/?p=404161"},"modified":"2024-06-10T11:33:35","modified_gmt":"2024-06-10T09:33:35","slug":"milicic-da-bi-bila-evropska-crna-gora-mora-biti-i-srpska","status":"publish","type":"post","link":"https:\/\/www.pcnen.com\/portal\/2024\/06\/10\/milicic-da-bi-bila-evropska-crna-gora-mora-biti-i-srpska\/","title":{"rendered":"Mili\u010di\u0107: Da bi bila evropska, Crna Gora mora biti i srpska"},"content":{"rendered":"<p>Svima nam je u interesu da Crna Gora bude dio Evropske unije, a vidimo da najbolje rezultate na tom putu posti\u017eemo upravo otkada su i Srbi, zajedno sa drugim narodima, zastupljeni na najvi\u0161im funkcijama odlu\u010divanja, saop\u0161tio je portparol Nove srpske demokratije (NSD) Mirko Mili\u010di\u0107, povodom naslova u medijima koji se ti\u010du Svesrpskog sabora. Svima koji, kako ka\u017ee, jo\u0161 uvijek \u017eele Crnu Goru kao anti-srpsku dr\u017eavu, poru\u010duje &#8220;Da bi bila evropska, Crna Gora mora biti i srpska.<\/p>\n<p>&#8220;Sa neopisivom lako\u0107om se ovih dana na naslovnim stranama novina, internet portala, ali i u prajm-tajm informativnim emisijama forsira narativ koji je na ivici otvorene srbofobije. Pozivaju se brojni analiti\u010dari, \u010dinovnici u penziji, politi\u010dki predstavnici koji nemaju gotovo nikakvu podr\u0161ku me\u0111u bira\u010dima da komentari\u0161u prisustvo predsjednika jedine srpske nacionalne stranke u Crnoj Gori, kao i njenih poslanika i funkcionera na, pazite sad \u2013 Svesrpskom saboru. Prosto se \u010dude \u2013 kako to Srbi sa Srbima? Jeres&#8221;, pi\u0161e u saop\u0161tenju.<\/p>\n<p>Mili\u010di\u0107 dodaje da je\u00a0anti-srpskim krugovima problem \u0161to se Svesrpski saboer uop\u0161te i odr\u017eao.<\/p>\n<p>&#8220;Pojedini \u010dak govore o inferiornom polo\u017eaju, pretpostavljam jer je to potreba njihove podsvijesti da stvore projekciju da svaki odnos mora biti onakav kakav su nau\u010dili \u2013 nadre\u0111eni i podre\u0111eni. Upravo njih bih pitao \u2013 a da li ste vi uop\u0161te \u010duli o \u010demu je Andrija Mandi\u0107 govorio u Beogradu? Naravno da niste, jer vama nije u interesu da to \u010dujete, ve\u0107 samo da ponavljate izlizane fraze o velikosrpskom nacionalizmu, jer za vas drugi i ne postoje. Da ne bude nikakve zabune, anti-srpskim krugovima nije problem niti ko organizuje, niti ko dolazi na Svesrpski sabor, ve\u0107 je problem \u0161to se takav doga\u0111aj uop\u0161te i odr\u017eao. Bilo kakvo ja\u010danje veza me\u0111u Srbima u regionu i svijetu za njih je no\u0107na mora&#8221;, dodaje se.<\/p>\n<p>Portparlol NSD ocjenjuje da je\u00a0projekat Crne Gore kao anti-srpske dr\u017eave do\u017eivio krah.<\/p>\n<p>&#8220;Takvima, na\u0161 narod je jedino dobar dok je u podre\u0111enom polo\u017eaju u odnosu na druge, pa im je vjerovatno jo\u0161 vi\u0161e zaparalo u\u0161i \u0161to done\u0161ena deklaracija konstatuje da nema nikakvih prefiksa ispred na\u0161eg narodnog imena, ve\u0107 da mi kao narod imamo pravo da se nazivamo prosto i jednostavno \u2013 Srbi. Da zavr\u0161im na malo pozitivnijoj noti, jasno je zbog \u010dega se objavljuju ovako agresivni uredci \u2013 projekat Crne Gore kao anti-srpske dr\u017eave do\u017eivio je krah i pojedinci i dalje ne mogu da se pomire sa tim. Vidjeli smo da je takav projekat slijepi kolosijek i da jedino pogoduje kriminalnom re\u017eimu koji je \u017eelio svoju privatnu dr\u017eavu&#8221;, zaklju\u010duje se.<\/p>\n","protected":false},"excerpt":{"rendered":"<p>Svima nam je u interesu da Crna Gora bude dio Evropske unije, a vidimo da najbolje rezultate na tom putu posti\u017eemo upravo otkada su i Srbi, zajedno sa drugim narodima, zastupljeni na najvi\u0161im funkcijama odlu\u010divanja, saop\u0161tio je portparol Nove srpske demokratije (NSD) Mirko Mili\u010di\u0107<\/p>\n","protected":false},"author":1,"featured_media":303461,"comment_status":"open","ping_status":"closed","sticky":false,"template":"","format":"standard","meta":{"_seopress_robots_primary_cat":"none","_seopress_titles_title":"","_seopress_titles_desc":"","_seopress_robots_index":"","_et_pb_use_builder":"","_et_pb_old_content":"","_et_gb_content_width":"","inline_featured_image":false,"footnotes":""},"categories":[14],"tags":[],"class_list":["post-404161","post","type-post","status-publish","format-standard","has-post-thumbnail","hentry","category-vijesti"],"_links":{"self":[{"href":"https:\/\/www.pcnen.com\/portal\/wp-json\/wp\/v2\/posts\/404161","targetHints":{"allow":["GET"]}}],"collection":[{"href":"https:\/\/www.pcnen.com\/portal\/wp-json\/wp\/v2\/posts"}],"about":[{"href":"https:\/\/www.pcnen.com\/portal\/wp-json\/wp\/v2\/types\/post"}],"author":[{"embeddable":true,"href":"https:\/\/www.pcnen.com\/portal\/wp-json\/wp\/v2\/users\/1"}],"replies":[{"embeddable":true,"href":"https:\/\/www.pcnen.com\/portal\/wp-json\/wp\/v2\/comments?post=404161"}],"version-history":[{"count":1,"href":"https:\/\/www.pcnen.com\/portal\/wp-json\/wp\/v2\/posts\/404161\/revisions"}],"predecessor-version":[{"id":404164,"href":"https:\/\/www.pcnen.com\/portal\/wp-json\/wp\/v2\/posts\/404161\/revisions\/404164"}],"wp:featuredmedia":[{"embeddable":true,"href":"https:\/\/www.pcnen.com\/portal\/wp-json\/wp\/v2\/media\/303461"}],"wp:attachment":[{"href":"https:\/\/www.pcnen.com\/portal\/wp-json\/wp\/v2\/media?parent=404161"}],"wp:term":[{"taxonomy":"category","embeddable":true,"href":"https:\/\/www.pcnen.com\/portal\/wp-json\/wp\/v2\/categories?post=404161"},{"taxonomy":"post_tag","embeddable":true,"href":"https:\/\/www.pcnen.com\/portal\/wp-json\/wp\/v2\/tags?post=404161"}],"curies":[{"name":"wp","href":"https:\/\/api.w.org\/{rel}","templated":true}]}}