{"id":404155,"date":"2024-06-10T11:27:25","date_gmt":"2024-06-10T09:27:25","guid":{"rendered":"https:\/\/www.pcnen.com\/portal\/?p=404155"},"modified":"2024-06-10T19:46:25","modified_gmt":"2024-06-10T17:46:25","slug":"milovic-porucio-spajicu-stisnite-petlju-predlozite-moje-razrjesenje","status":"publish","type":"post","link":"https:\/\/www.pcnen.com\/portal\/2024\/06\/10\/milovic-porucio-spajicu-stisnite-petlju-predlozite-moje-razrjesenje\/","title":{"rendered":"Milovi\u0107 poru\u010dio Spaji\u0107u: Stisnite petlju, predlo\u017eite moje razrje\u0161enje"},"content":{"rendered":"<p>Ministar pravde Andrej Milovi\u0107 pozvao je danas premijhera Milojka Spaji\u0107a da u \u0161to kra\u0107em roku pokrene inicijativu za njegovo razrje\u0161enje.<\/p>\n<p>Istakao je da trpi politi\u010dke i medijske udare u cilju diskreditacije i namjere da bude smijenjen. Kazao je da PES vu\u010de ka ponoru Vladu i Crnu Goru.<\/p>\n<p>\u201cKao \u0161to nam je poznato, kolokvijalno nazvani IBAR zakoni usvojeni su u Skup\u0161tini Crne Gore 6. i 7. juna ove godine i to bez jednog glasa protiv. Bilo kojeg poslanika ovog saziva, \u0161to saglasi\u0107emo se, nije \u010desto ni svojstveno na\u0161oj politi\u010dkoj sceni, njenim akterima, a pokazuje da kada smo jedinstveni, mo\u017eemo mnogo vi\u0161e i bolje, samo kad ho\u0107emo\u201d, kazao je on.<\/p>\n<p>Kako je kazao, od kad je stupio na du\u017enost ministra pravde, trpi \u017eestoke, smi\u0161ljene i sra\u010dunate, raznovrsne medijske i politi\u010dke udare.<\/p>\n<p>\u201cTa i takva agenda \u0161irenja neistina i ve\u0107 oprobanih metoda bla\u0107enja ljudi, navodne kriminalizacije i diskreditacije, kreirana je i uvezena da se po\u0161to poto sru\u0161i ministar pravde. Kao jedan od najodgovornijih subjekata za dobijanje i deblokiranja poglavlja 23. Na \u017ealost ili na sre\u0107u, niti sam bio po\u0161te\u0111en \u010dak i od odre\u0111enog broja ljudi koji su dio pokreta Evropa sad, pokreta kojem sam do kraja februara mjeseca ove godine pripadao. Dok se odnosilo samo na mene i samo na moju partijsku poziciju pokreta Evropa sad, nosio sam se sa tim, kao i sa nemalim posljedicama takvih kontinuiranih i organizovanih napada. Me\u0111utim, od nedavno, posljedice toga po\u010deli su osje\u0107aju direktno i zaposleni iz mog najbli\u017eeg tima saradnika u ministarstvu, a indirektno i ostali zaposleni. Tome ste, kao i ukupna crnogorska javnost, je do\u010dekali u \u010detvrtak ve\u010de 6. juna po zavr\u0161etku sjednice, kada je promptno i bez utemeljenog obja\u0161njenja i cirano, te tijesno ve\u0107inom \u010dlanova vlade arbitrarno odlu\u010deno da se meni kao resornom ministru i mojim saradnicima jednostavno re\u010deno zabrani da obrazla\u017eem u parlamentu predloge zakona na kojima smo mjesecima predano radili, samo zato \u0161to je prihva\u0107ena amandman koji je imao za cilj tehni\u010dku korekciju zakonskog teksta. \u017delim da se zahvalim i onim \u010dlanovima vlade koji su odbili da glasaju za ovakvu odluku i koji su i samom premijeru rekli da im ne pada na pamet da glasaju za ovo. Takav odnos prema meni donekle mogu i da razumijem\u201d, istakao je ministar.<\/p>\n<p>Milovi\u0107 je istakao da je iznena\u0111en za\u0161to i prema njegovim saradnicima, koje su svakodnevno pozivali da im obja\u0161njavaju pravnu materiju, koju oni ne poznaju, da bi uop\u0161te mogli javno makar ne\u0161to da govore o njoj.<\/p>\n<p>\u201cZa iznena\u0111enje je bilo mogu\u0107nost dozvoliti i prihvatiti da bilo ko prisvaja rezultate na\u0161eg rada i da se njime bez pokri\u0107a kiti. Tako\u0111e, premijer Spaji\u0107 i njegov \u0161ef kabineta, koji o ovim zakonima te\u0161ko da znaju vi\u0161e od njihovih naziva, i to kad ih pro\u010ditaju, znali su da na\u0111u na\u010din da nelegalno i nelegitimno udalje ministra pravde i Skup\u0161tine Crne Gore kao jasan uvod u ono \u0161to ve\u0107 neko vrijeme planiraju da urade, da zamijene ministra, koji \u0107e biti taster ministar, klimoglavac, i koji \u0107e se bez pardona hvaliti, ali ne svojim radom. Ja sam sve vrijeme bio bez odgovaraju\u0107e reakcije da na dosa\u0111u&#8230;\u201d, kazao je on i dodao sad kada je IBAR ostvaren vi\u0161e ne \u017eeli da \u0107uti. Podgorici odr\u017eana je sjednica predsjedni\u0161tva pesa bez mog prisustva. Iako je o meni u tom trenutku kao njegovom punopravnom \u010dlanu odlu\u010divano. Od onoga ako je sazvao tu sjednicu i njome predsjedavao, hrabro, moralno i eti\u010dki, nema \u0161ta, neka mu slu\u017ei na \u010dast.<\/p>\n<p>Poru\u010dio je Milojku Spaji\u0107u da uputi predlog Skup\u0161tini za njegovo razrje\u0161enje, prenosi Dan.<\/p>\n<p>\u201cPrekinite farsku, predlo\u017eite moje razrje\u0161enje.Samo predanim radom i borbom za interes Crne Gore, jer pozitivan IBAR je na\u0161a pobjeda. Sada, kada je taj cilj ostvaren, vi\u0161e ne \u017eelim da \u0107utim. Naprotiv, sada \u017eelim da otvoreno i konkretno razgovaramo, jer to moramo, da bismo upoznali javnost sa jo\u0161 nekim aspektima, da se reorganizujemo, pa da jo\u0161 sna\u017enije stremimo ka zatvaranju pregovara\u010dkih poglavlja sa EU i postanemo njena prva naredna \u010dlanica. Cijena koju ja pla\u0107am je ta \u0161to sam se beskompromisno borio u razli\u010ditim emisijama, forumima, debatama za one kojima sam vjerovao. A koji su me izdali? Koji su tako\u0111e izdali dogovore o zajedni\u010dkom djelovanju koje smo imali, jer samostalno i bez prethodnih konsultacija nismo radili ni\u0161ta, a tek nijesam ulazio u ozbiljna mimoila\u017eenja na nivou konflikta sa najmo\u0107nim ljudima bezbjednosnog sektora dr\u017eave bez prethodnog dogovora i plana. Tragovi takvih izdaja se ne nalaze na mojim prsima\u201d, istakao je on.<\/p>\n<p>Vlada je pro\u0161le sedmice donijela odluku da umjesto ministra pravde Andreja Milovi\u0107a potpredsjednik Vlade Momo Koprivica bude zastupnik u Skup\u0161tini kada se raspravljalo o IBAR zakonima u ime predlaga\u010da zakona.<\/p>\n<p>Tada je iz Vlade saop\u0161teno da se Milovi\u0107 oglu\u0161io o uputstvo koje je predvi\u0111alo da se amandmani na IBAR zakone ne mogu prihvatiti bez saglasnosti Vlade.<\/p>\n<p>Milovi\u0107 je nakon ove odluke kazao da kao resorni ministar nije dobio specifi\u010dno uputstvo od Vlade da se ne smiju prihvatiti amandmani koji ispravljaju tehni\u010dku gre\u0161ku u tekstu zakona.<\/p>\n<blockquote class=\"wp-embedded-content\" data-secret=\"JD4ekZtQjZ\"><p><a href=\"https:\/\/www.pcnen.com\/portal\/2024\/06\/10\/milovic-zakazao-vanrednu-konferenciju-za-novinare-video\/\">Milovi\u0107 zakazao vanrednu konferenciju za novinare (video)<\/a><\/p><\/blockquote>\n<p><iframe loading=\"lazy\" class=\"wp-embedded-content\" sandbox=\"allow-scripts\" security=\"restricted\" style=\"position: absolute; clip: rect(1px, 1px, 1px, 1px);\" title=\"&#8220;Milovi\u0107 zakazao vanrednu konferenciju za novinare (video)&#8221; &#8212; PCNEN\" src=\"https:\/\/www.pcnen.com\/portal\/2024\/06\/10\/milovic-zakazao-vanrednu-konferenciju-za-novinare-video\/embed\/#?secret=DJHUNkndNL#?secret=JD4ekZtQjZ\" data-secret=\"JD4ekZtQjZ\" width=\"600\" height=\"338\" frameborder=\"0\" marginwidth=\"0\" marginheight=\"0\" scrolling=\"no\"><\/iframe><\/p>\n","protected":false},"excerpt":{"rendered":"<p>Ministar pravde Andrej Milovi\u0107 pozvao je danas premijhera Milojka Spaji\u0107a da u \u0161to kra\u0107em roku pokrene inicijativu za njegovo razrje\u0161enje.<\/p>\n","protected":false},"author":1,"featured_media":404158,"comment_status":"open","ping_status":"closed","sticky":false,"template":"","format":"standard","meta":{"_seopress_robots_primary_cat":"none","_seopress_titles_title":"","_seopress_titles_desc":"","_seopress_robots_index":"","_et_pb_use_builder":"","_et_pb_old_content":"","_et_gb_content_width":"","inline_featured_image":false,"footnotes":""},"categories":[14],"tags":[],"class_list":["post-404155","post","type-post","status-publish","format-standard","has-post-thumbnail","hentry","category-vijesti"],"_links":{"self":[{"href":"https:\/\/www.pcnen.com\/portal\/wp-json\/wp\/v2\/posts\/404155","targetHints":{"allow":["GET"]}}],"collection":[{"href":"https:\/\/www.pcnen.com\/portal\/wp-json\/wp\/v2\/posts"}],"about":[{"href":"https:\/\/www.pcnen.com\/portal\/wp-json\/wp\/v2\/types\/post"}],"author":[{"embeddable":true,"href":"https:\/\/www.pcnen.com\/portal\/wp-json\/wp\/v2\/users\/1"}],"replies":[{"embeddable":true,"href":"https:\/\/www.pcnen.com\/portal\/wp-json\/wp\/v2\/comments?post=404155"}],"version-history":[{"count":4,"href":"https:\/\/www.pcnen.com\/portal\/wp-json\/wp\/v2\/posts\/404155\/revisions"}],"predecessor-version":[{"id":404198,"href":"https:\/\/www.pcnen.com\/portal\/wp-json\/wp\/v2\/posts\/404155\/revisions\/404198"}],"wp:featuredmedia":[{"embeddable":true,"href":"https:\/\/www.pcnen.com\/portal\/wp-json\/wp\/v2\/media\/404158"}],"wp:attachment":[{"href":"https:\/\/www.pcnen.com\/portal\/wp-json\/wp\/v2\/media?parent=404155"}],"wp:term":[{"taxonomy":"category","embeddable":true,"href":"https:\/\/www.pcnen.com\/portal\/wp-json\/wp\/v2\/categories?post=404155"},{"taxonomy":"post_tag","embeddable":true,"href":"https:\/\/www.pcnen.com\/portal\/wp-json\/wp\/v2\/tags?post=404155"}],"curies":[{"name":"wp","href":"https:\/\/api.w.org\/{rel}","templated":true}]}}