{"id":404148,"date":"2024-06-10T10:03:36","date_gmt":"2024-06-10T08:03:36","guid":{"rendered":"https:\/\/www.pcnen.com\/portal\/?p=404148"},"modified":"2024-06-10T10:57:26","modified_gmt":"2024-06-10T08:57:26","slug":"milovic-zakazao-vanrednu-konferenciju-za-novinare-video","status":"publish","type":"post","link":"https:\/\/www.pcnen.com\/portal\/2024\/06\/10\/milovic-zakazao-vanrednu-konferenciju-za-novinare-video\/","title":{"rendered":"Milovi\u0107 zakazao vanrednu konferenciju za novinare (video)"},"content":{"rendered":"<p>Ministar pravde Andrej Milovi\u0107 najavio je za danas u 11 sati vanrednu pres konferenciju.<\/p>\n<p>U najavi Ministarstva pravde nije precirano \u0161to je povod obra\u0107anja Milovi\u0107a.<\/p>\n<p>Milovi\u0107 je bio predstavnik Vlade prvih dana tokom obrazlaganja IBAR zakona dok nije opozvan zbog, kako je saop\u0161teno, prihvatanja amandmana bez konsultacija.<\/p>\n<p>Iz Vlade saop\u0161teno da se Milovi\u0107 oglu\u0161io o uputstvu koje je predvi\u0111alo da se amandmani na IBAR zakone ne mogu prihvatiti bez saglasnosti Vlade.<\/p>\n<p><iframe loading=\"lazy\" title=\"YouTube video player\" src=\"https:\/\/www.youtube.com\/embed\/Ltw-2QWZ0x0?si=hjcZ4-Thgsag_M-4\" width=\"560\" height=\"315\" frameborder=\"0\" allowfullscreen=\"allowfullscreen\"><\/iframe><\/p>\n","protected":false},"excerpt":{"rendered":"<p>Ministar pravde Andrej Milovi\u0107 najavio je za danas u 11 sati vanrednu pres konferenciju.<\/p>\n","protected":false},"author":1,"featured_media":370952,"comment_status":"open","ping_status":"closed","sticky":false,"template":"","format":"standard","meta":{"_seopress_robots_primary_cat":"none","_seopress_titles_title":"","_seopress_titles_desc":"","_seopress_robots_index":"","_et_pb_use_builder":"","_et_pb_old_content":"","_et_gb_content_width":"","inline_featured_image":false,"footnotes":""},"categories":[14],"tags":[],"class_list":["post-404148","post","type-post","status-publish","format-standard","has-post-thumbnail","hentry","category-vijesti"],"_links":{"self":[{"href":"https:\/\/www.pcnen.com\/portal\/wp-json\/wp\/v2\/posts\/404148","targetHints":{"allow":["GET"]}}],"collection":[{"href":"https:\/\/www.pcnen.com\/portal\/wp-json\/wp\/v2\/posts"}],"about":[{"href":"https:\/\/www.pcnen.com\/portal\/wp-json\/wp\/v2\/types\/post"}],"author":[{"embeddable":true,"href":"https:\/\/www.pcnen.com\/portal\/wp-json\/wp\/v2\/users\/1"}],"replies":[{"embeddable":true,"href":"https:\/\/www.pcnen.com\/portal\/wp-json\/wp\/v2\/comments?post=404148"}],"version-history":[{"count":3,"href":"https:\/\/www.pcnen.com\/portal\/wp-json\/wp\/v2\/posts\/404148\/revisions"}],"predecessor-version":[{"id":404154,"href":"https:\/\/www.pcnen.com\/portal\/wp-json\/wp\/v2\/posts\/404148\/revisions\/404154"}],"wp:featuredmedia":[{"embeddable":true,"href":"https:\/\/www.pcnen.com\/portal\/wp-json\/wp\/v2\/media\/370952"}],"wp:attachment":[{"href":"https:\/\/www.pcnen.com\/portal\/wp-json\/wp\/v2\/media?parent=404148"}],"wp:term":[{"taxonomy":"category","embeddable":true,"href":"https:\/\/www.pcnen.com\/portal\/wp-json\/wp\/v2\/categories?post=404148"},{"taxonomy":"post_tag","embeddable":true,"href":"https:\/\/www.pcnen.com\/portal\/wp-json\/wp\/v2\/tags?post=404148"}],"curies":[{"name":"wp","href":"https:\/\/api.w.org\/{rel}","templated":true}]}}