{"id":404139,"date":"2024-06-10T07:58:55","date_gmt":"2024-06-10T05:58:55","guid":{"rendered":"https:\/\/www.pcnen.com\/portal\/?p=404139"},"modified":"2024-06-10T07:58:55","modified_gmt":"2024-06-10T05:58:55","slug":"policajci-nepropisno-parkirali-pa-kaznili-aktivistu-preokreta-vuka-ikovica","status":"publish","type":"post","link":"https:\/\/www.pcnen.com\/portal\/2024\/06\/10\/policajci-nepropisno-parkirali-pa-kaznili-aktivistu-preokreta-vuka-ikovica\/","title":{"rendered":"Policajci nepropisno parkirali, pa kaznili aktivistu Preokreta Vuka Ikovi\u0107a"},"content":{"rendered":"<p>&#8220;Sino\u0107 oko 18 sati u Ulici Svetozara Markovi\u0107a u Podgorici \u010detiri policajca su na grub na\u010din priveli Vuka Ikovi\u0107a, jednog od osniva\u010da Preokreta i odbornika u Skup\u0161tini Opt\u0161ine Danilovgrad, jer je fotografisao nepropisno parkiran policijski automobil, iako je u neposrednoj blizini bilo vi\u0161e slobodnih parking mjesta&#8221;, saop\u0161teno je iz Preokreta.<\/p>\n<p>U saop\u0161tenju se napominje da su da su policajci &#8220;na ovaj na\u010din tretirali Ikovi\u0107a nakon \u0161to su do\u0161li iz pravca obli\u017enje kafane&#8221;.<\/p>\n<p>Kako se navodi, osnov za privo\u0111enje bio je to \u0161to Vuk Ikovi\u0107 nije imao kod sebe li\u010dnu kartu.<\/p>\n<p>U saop\u0161tenju Preokreta se ka\u017ee da je Ikovi\u0107ev li\u010dni dokument bio u kancelariji, koja je u neposrednoj blizini mjesta doga\u0111aja, a \u0161to je on i saop\u0161tio.<\/p>\n<p>&#8220;No i pored toga su ga \u010detiri policajca tada promptno privela u policiju gdje mu je izre\u010dena kazna od 60 eura zbog neposjedovanja li\u010dne karte, koju je mogao odmah dodati da je bilo \u017eelje da se legitimi\u0161e, a ne zapla\u0161i. Kao o\u010digledno dodatni vid zastra\u0161ivanja mu je usmeno saop\u0161teno da \u0107e se vidjeti s njim pred Sudom za prekr\u0161aje. Ovaj su\u0161tinski nastavak maltretiranja politi\u010dkih aktivista govori da je autoritarni duh pre\u017eivio i da je njegovan i od strane novog rukovodstva&#8221;, konstatuje Preokret.<\/p>\n<p>&#8220;Pozivamo premijera, potpredsjednika Vlade zadu\u017eenog za bezbjednosni sektor i ministra unutra\u0161njh poslova da porade na onom \u0161to su obe\u0107avali da \u0107e raditi kada budu vlast &#8211; da stvore ambijent gdje zakon va\u017ei za sve jednako, a gra\u0111ani slobodno mogu registrovati i prijaviti svaku nezakonitost. \u0160to se ti\u010de konkretno ovih pripadnika policije, za nas je dovoljna satisfakcija da uvide da su na\u010dinili gre\u0161ku. Razumijemo slo\u017eenost njihovog posla, ali i oni trebaju razumjeti da su u slu\u017ebi obi\u010dnih gra\u0111ana&#8221;, poru\u010duju iz Preokreta.<\/p>\n","protected":false},"excerpt":{"rendered":"<p>&#8220;Sino\u0107 oko 18 sati u Ulici Svetozara Markovi\u0107a u Podgorici \u010detiri policajca su na grub na\u010din priveli Vuka Ikovi\u0107a, jednog od osniva\u010da Preokreta i odbornika u Skup\u0161tini Opt\u0161ine Danilovgrad, jer je fotografisao nepropisno parkiran policijski automobil, iako je u neposrednoj blizini bilo vi\u0161e slobodnih parking mjesta&#8221;, saop\u0161teno je iz Preokreta.<\/p>\n","protected":false},"author":1,"featured_media":404142,"comment_status":"open","ping_status":"closed","sticky":false,"template":"","format":"standard","meta":{"_seopress_robots_primary_cat":"none","_seopress_titles_title":"","_seopress_titles_desc":"","_seopress_robots_index":"","_et_pb_use_builder":"","_et_pb_old_content":"","_et_gb_content_width":"","inline_featured_image":false,"footnotes":""},"categories":[14],"tags":[],"class_list":["post-404139","post","type-post","status-publish","format-standard","has-post-thumbnail","hentry","category-vijesti"],"_links":{"self":[{"href":"https:\/\/www.pcnen.com\/portal\/wp-json\/wp\/v2\/posts\/404139","targetHints":{"allow":["GET"]}}],"collection":[{"href":"https:\/\/www.pcnen.com\/portal\/wp-json\/wp\/v2\/posts"}],"about":[{"href":"https:\/\/www.pcnen.com\/portal\/wp-json\/wp\/v2\/types\/post"}],"author":[{"embeddable":true,"href":"https:\/\/www.pcnen.com\/portal\/wp-json\/wp\/v2\/users\/1"}],"replies":[{"embeddable":true,"href":"https:\/\/www.pcnen.com\/portal\/wp-json\/wp\/v2\/comments?post=404139"}],"version-history":[{"count":1,"href":"https:\/\/www.pcnen.com\/portal\/wp-json\/wp\/v2\/posts\/404139\/revisions"}],"predecessor-version":[{"id":404143,"href":"https:\/\/www.pcnen.com\/portal\/wp-json\/wp\/v2\/posts\/404139\/revisions\/404143"}],"wp:featuredmedia":[{"embeddable":true,"href":"https:\/\/www.pcnen.com\/portal\/wp-json\/wp\/v2\/media\/404142"}],"wp:attachment":[{"href":"https:\/\/www.pcnen.com\/portal\/wp-json\/wp\/v2\/media?parent=404139"}],"wp:term":[{"taxonomy":"category","embeddable":true,"href":"https:\/\/www.pcnen.com\/portal\/wp-json\/wp\/v2\/categories?post=404139"},{"taxonomy":"post_tag","embeddable":true,"href":"https:\/\/www.pcnen.com\/portal\/wp-json\/wp\/v2\/tags?post=404139"}],"curies":[{"name":"wp","href":"https:\/\/api.w.org\/{rel}","templated":true}]}}