{"id":404114,"date":"2024-06-09T22:13:33","date_gmt":"2024-06-09T20:13:33","guid":{"rendered":"https:\/\/www.pcnen.com\/portal\/?p=404114"},"modified":"2024-06-09T22:14:34","modified_gmt":"2024-06-09T20:14:34","slug":"francuska-porazeni-makron-najavio-vanredne-parlamentarne-izbore","status":"publish","type":"post","link":"https:\/\/www.pcnen.com\/portal\/2024\/06\/09\/francuska-porazeni-makron-najavio-vanredne-parlamentarne-izbore\/","title":{"rendered":"Francuska: Pora\u017eeni Makron najavio vanredne parlamentarne izbore"},"content":{"rendered":"<p>Francuski predsjednik Emanuel Makron, koji je do\u017eivio te\u017eak poraz na izborima za Evropski parlament, je saop\u0161tio ve\u010deras da raspu\u0161ta parlament te zemlje i najavio parlamentarne izbore za 30. jun i 7. jul, prenose agencije.<\/p>\n<p>&#8221;Odlu\u010dio sam da vam vratim izbor za budu\u0107nost parlamenta. Odluka je ozbiljna i te\u0161ka, ali prije svega je \u010din povjerenja&#8221;, rekao je Makron u video obra\u0107anju nakon preliminarnih rezultata izbora za Evropski parlament, na kojima je njegova stranka &#8221;Preporod&#8221; pretrpjela poraz od krajnje desne stranke &#8220;Nacionalno okupljanje&#8221; Marin Le Pen.<\/p>\n<p>Makron je istakao da je na izborima za Evropski parlament &#8221;nau\u010dena glavna lekcija&#8221;, odnosno da &#8221;partije koje brane Evropu&#8221; nisu ostvarile dobre rezultate.<\/p>\n","protected":false},"excerpt":{"rendered":"<p>Francuski predsjednik Emanuel Makron, koji je do\u017eivio te\u017eak poraz na izborima za Evropski parlament, je saop\u0161tio ve\u010deras da raspu\u0161ta vladu te zemlje i najavio parlamentarne izbore za 30. jun i 7. jul<\/p>\n","protected":false},"author":1,"featured_media":277507,"comment_status":"open","ping_status":"closed","sticky":false,"template":"","format":"standard","meta":{"_seopress_robots_primary_cat":"none","_seopress_titles_title":"","_seopress_titles_desc":"","_seopress_robots_index":"","_et_pb_use_builder":"","_et_pb_old_content":"","_et_gb_content_width":"","inline_featured_image":false,"footnotes":""},"categories":[14],"tags":[],"class_list":["post-404114","post","type-post","status-publish","format-standard","has-post-thumbnail","hentry","category-vijesti"],"_links":{"self":[{"href":"https:\/\/www.pcnen.com\/portal\/wp-json\/wp\/v2\/posts\/404114","targetHints":{"allow":["GET"]}}],"collection":[{"href":"https:\/\/www.pcnen.com\/portal\/wp-json\/wp\/v2\/posts"}],"about":[{"href":"https:\/\/www.pcnen.com\/portal\/wp-json\/wp\/v2\/types\/post"}],"author":[{"embeddable":true,"href":"https:\/\/www.pcnen.com\/portal\/wp-json\/wp\/v2\/users\/1"}],"replies":[{"embeddable":true,"href":"https:\/\/www.pcnen.com\/portal\/wp-json\/wp\/v2\/comments?post=404114"}],"version-history":[{"count":2,"href":"https:\/\/www.pcnen.com\/portal\/wp-json\/wp\/v2\/posts\/404114\/revisions"}],"predecessor-version":[{"id":404118,"href":"https:\/\/www.pcnen.com\/portal\/wp-json\/wp\/v2\/posts\/404114\/revisions\/404118"}],"wp:featuredmedia":[{"embeddable":true,"href":"https:\/\/www.pcnen.com\/portal\/wp-json\/wp\/v2\/media\/277507"}],"wp:attachment":[{"href":"https:\/\/www.pcnen.com\/portal\/wp-json\/wp\/v2\/media?parent=404114"}],"wp:term":[{"taxonomy":"category","embeddable":true,"href":"https:\/\/www.pcnen.com\/portal\/wp-json\/wp\/v2\/categories?post=404114"},{"taxonomy":"post_tag","embeddable":true,"href":"https:\/\/www.pcnen.com\/portal\/wp-json\/wp\/v2\/tags?post=404114"}],"curies":[{"name":"wp","href":"https:\/\/api.w.org\/{rel}","templated":true}]}}