{"id":404079,"date":"2024-06-09T15:13:59","date_gmt":"2024-06-09T13:13:59","guid":{"rendered":"https:\/\/www.pcnen.com\/portal\/?p=404079"},"modified":"2024-06-09T15:14:32","modified_gmt":"2024-06-09T13:14:32","slug":"zanemarena-bastina-nedostaci-u-upravljanju-umjetnickim-djelima-u-posjedu-drzavnih-institucija","status":"publish","type":"post","link":"https:\/\/www.pcnen.com\/portal\/2024\/06\/09\/zanemarena-bastina-nedostaci-u-upravljanju-umjetnickim-djelima-u-posjedu-drzavnih-institucija\/","title":{"rendered":"Zanemarena ba\u0161tina: Nedostaci u upravljanju umjetni\u010dkim djelima u posjedu dr\u017eavnih institucija"},"content":{"rendered":"<p>U vlasni\u0161tvu dr\u017eavnih institucija u Crnoj Gori nalazi se zna\u010dajan broj predmeta istorijsko-dokumentarne, umjetnic\u030cke i kulturne vrijednosti, ali dr\u017eava nema preciznu i centralizovanu evidenciju ovih vrijednih predmeta i umjetni\u010dkih djela koja se nalaze u dr\u017eavnim i lokalnim institucijama.<\/p>\n<p>Nedostatak precizne evidencije o umjetni\u010dkim djelima je uzrokovao da su neka od njih otu\u0111ena, nijesu nikad prona\u0111ena i da nije bilo krivi\u010dne odgovornosti za ove slu\u010dajeve. Druga su zavr\u0161ila kao ste\u010dajna masa prilikom mijenjanja vlasni\u010dke strukture u dr\u017eavnim institucijama.<\/p>\n<p>Ovo su najva\u017eniji zaklju\u010dci analize<a href=\"https:\/\/www.cdtmn.org\/analize\/umjetnicka-djela-u-crnogorskim-drzavnim-institucijama-2006-2022\/\" target=\"_blank\" rel=\"noopener\"> \u201cUmjetni\u010dka djela u crnogorskim dr\u017eavnim institucijama 2006-2022\u201d<\/a>, \u010dija je autorka \u010dlanica Savjeta Centra za demokratsku tranziciju i istori\u010darka umjetnosti dr Tatjana Koprivica.<\/p>\n<p>U istra\u017eivanju, u \u010dijem fokusu je period od 2006. do 2022. godine, su evidentirani mnogobrojni problemi: neadekvatno i neprecizno vo\u0111enje evidencije, nedostatak procjene vrijednosti od stru\u010dnih procjenitelja ili neadekvatna procjena njihove vrijednosti, nepostojanje precizne dokumentacije o umjetni\u010dkim djelima koja su, iz Dr\u017eavnog muzeja Crne Gore na Cetinju posu\u0111ena na upotrebu dr\u017eavnim institucijama, neadekvatno staranje o njima i dr.<\/p>\n<p>Istra\u017eivanje je bazirano na zvani\u010dnim podacima dobijenim od organa koji koriste, upravljaju ili raspola\u017eu stvarima ili drugim dobrima u dr\u017eavnoj imovini, shodno Zakonu o slobodnom pristupu informacijama, uvidom u relevantne zvani\u010dne baze podataka, literaturu i novinske tekstove.<\/p>\n<p>&nbsp;<\/p>\n","protected":false},"excerpt":{"rendered":"<p>U vlasni\u0161tvu dr\u017eavnih institucija u Crnoj Gori nalazi se zna\u010dajan broj predmeta istorijsko-dokumentarne, umjetnic\u030cke i kulturne vrijednosti, ali dr\u017eava nema preciznu i centralizovanu evidenciju ovih vrijednih predmeta i umjetni\u010dkih djela koja se nalaze u dr\u017eavnim i lokalnim institucijama<\/p>\n","protected":false},"author":1,"featured_media":404082,"comment_status":"open","ping_status":"closed","sticky":false,"template":"","format":"standard","meta":{"_seopress_robots_primary_cat":"none","_seopress_titles_title":"","_seopress_titles_desc":"","_seopress_robots_index":"","_et_pb_use_builder":"","_et_pb_old_content":"","_et_gb_content_width":"","inline_featured_image":false,"footnotes":""},"categories":[14],"tags":[],"class_list":["post-404079","post","type-post","status-publish","format-standard","has-post-thumbnail","hentry","category-vijesti"],"_links":{"self":[{"href":"https:\/\/www.pcnen.com\/portal\/wp-json\/wp\/v2\/posts\/404079","targetHints":{"allow":["GET"]}}],"collection":[{"href":"https:\/\/www.pcnen.com\/portal\/wp-json\/wp\/v2\/posts"}],"about":[{"href":"https:\/\/www.pcnen.com\/portal\/wp-json\/wp\/v2\/types\/post"}],"author":[{"embeddable":true,"href":"https:\/\/www.pcnen.com\/portal\/wp-json\/wp\/v2\/users\/1"}],"replies":[{"embeddable":true,"href":"https:\/\/www.pcnen.com\/portal\/wp-json\/wp\/v2\/comments?post=404079"}],"version-history":[{"count":2,"href":"https:\/\/www.pcnen.com\/portal\/wp-json\/wp\/v2\/posts\/404079\/revisions"}],"predecessor-version":[{"id":404084,"href":"https:\/\/www.pcnen.com\/portal\/wp-json\/wp\/v2\/posts\/404079\/revisions\/404084"}],"wp:featuredmedia":[{"embeddable":true,"href":"https:\/\/www.pcnen.com\/portal\/wp-json\/wp\/v2\/media\/404082"}],"wp:attachment":[{"href":"https:\/\/www.pcnen.com\/portal\/wp-json\/wp\/v2\/media?parent=404079"}],"wp:term":[{"taxonomy":"category","embeddable":true,"href":"https:\/\/www.pcnen.com\/portal\/wp-json\/wp\/v2\/categories?post=404079"},{"taxonomy":"post_tag","embeddable":true,"href":"https:\/\/www.pcnen.com\/portal\/wp-json\/wp\/v2\/tags?post=404079"}],"curies":[{"name":"wp","href":"https:\/\/api.w.org\/{rel}","templated":true}]}}