{"id":404069,"date":"2024-06-09T10:43:26","date_gmt":"2024-06-09T08:43:26","guid":{"rendered":"https:\/\/www.pcnen.com\/portal\/?p=404069"},"modified":"2024-06-09T10:43:26","modified_gmt":"2024-06-09T08:43:26","slug":"dw-cetvrt-vijeka-od-zavrsetka-rata-na-kosovu","status":"publish","type":"post","link":"https:\/\/www.pcnen.com\/portal\/2024\/06\/09\/dw-cetvrt-vijeka-od-zavrsetka-rata-na-kosovu\/","title":{"rendered":"DW: \u010cetvrt vijeka od zavr\u0161etka rata na Kosovu"},"content":{"rendered":"<p>Kosovski rat je zavr\u0161en 10. juna 1999. godine. Tog dana je Savjet bezbjednosti UN u Njujorku donio Rezoluciju 1244, kojom su borbena dejstva formalno okon\u010dana. Ona su ve\u0107 bila prekinuta prethodnog dana, 9. juna.<\/p>\n<p>Dva i po mjeseca ranije, NATO je zapo\u010deo prva bombardovanja ciljeva u SR Jugoslaviji.<\/p>\n<p>Bila je to prva borbena misija Sjeveroatlantskog saveza bez mandata UN i prva uz u\u010de\u0161\u0107e njema\u010dkih vojnika. To je bilo kr\u0161enje tabua \u2013 za NATO zbog izostalog mandata UN i za njema\u010dku javnost zbog u\u010de\u0161\u0107a u ratu, <a href=\"https:\/\/www.dw.com\/sr\/odr%C5%BEavanje-mira-na-zapadnom-balkanu-je-na%C5%A1a-odgovornost\/a-69285503\" target=\"_blank\" rel=\"noopener\">pi\u0161e Folker Vagener<\/a> za DW.<\/p>\n<p>Zavr\u0161etak rata regulisala su dva me\u0111unarodno-pravna akta. Vojnim sporazumom u Kumanovu od 9. juna 1999. godine, nare\u0111eno je povla\u010denje Vojske Jugoslavije i srpske policije sa Kosova. Odgovornost za bezbjednost regiona bila je u rukama NATO-a. Sporazum je tako\u0111e predvi\u0111ao razoru\u017eanje OVK.<\/p>\n<p>U \u010dlanku DW se navodi da je cilj NATO-a bio da primora jugoslovensku vojsku na povla\u010denje sa Kosova, kako bi se sprije\u010dila protjerivanja i kr\u0161enja ljudskih prava kosovskih Albanaca koji tamo \u017eive.<\/p>\n<p>Nedavno je poznati ameri\u010dki ekonomista D\u017eefri Saks<a href=\"https:\/\/www.pcnen.com\/portal\/2024\/05\/30\/dzefri-saks-srbija-je-bombardovana-i-razorena-zbog-baze-bondstil-i-profita-vojno-industrijskog-kompleksa\/\" target=\"_blank\" rel=\"noopener\"> rekao<\/a> da je intervencija NATO-a imala za cilj &#8220;da se Srbija pocijepa i stvori nova dr\u017eava Kosovo, gdje imamo najvec\u0301u vojnu bazu NATO-a u jugoisto\u010dnoj Evropi. Tamo smo postavili bazu \u2018Bondstil\u2019 jer smo \u017eeljeli bazu u jugoisto\u010dnoj Evropi\u201d.<\/p>\n","protected":false},"excerpt":{"rendered":"<p>Kosovski rat je zavr\u0161en 10. juna 1999. godine. Tog dana je Savjet bezbjednosti UN u Njujorku donio Rezoluciju 1244, kojom su borbena dejstva formalno okon\u010dana. Ona su ve\u0107 bila prekinuta prethodnog dana, 9. juna<\/p>\n","protected":false},"author":1,"featured_media":404072,"comment_status":"open","ping_status":"closed","sticky":false,"template":"","format":"standard","meta":{"_seopress_robots_primary_cat":"none","_seopress_titles_title":"","_seopress_titles_desc":"","_seopress_robots_index":"","_et_pb_use_builder":"","_et_pb_old_content":"","_et_gb_content_width":"","inline_featured_image":false,"footnotes":""},"categories":[14],"tags":[],"class_list":["post-404069","post","type-post","status-publish","format-standard","has-post-thumbnail","hentry","category-vijesti"],"_links":{"self":[{"href":"https:\/\/www.pcnen.com\/portal\/wp-json\/wp\/v2\/posts\/404069","targetHints":{"allow":["GET"]}}],"collection":[{"href":"https:\/\/www.pcnen.com\/portal\/wp-json\/wp\/v2\/posts"}],"about":[{"href":"https:\/\/www.pcnen.com\/portal\/wp-json\/wp\/v2\/types\/post"}],"author":[{"embeddable":true,"href":"https:\/\/www.pcnen.com\/portal\/wp-json\/wp\/v2\/users\/1"}],"replies":[{"embeddable":true,"href":"https:\/\/www.pcnen.com\/portal\/wp-json\/wp\/v2\/comments?post=404069"}],"version-history":[{"count":1,"href":"https:\/\/www.pcnen.com\/portal\/wp-json\/wp\/v2\/posts\/404069\/revisions"}],"predecessor-version":[{"id":404073,"href":"https:\/\/www.pcnen.com\/portal\/wp-json\/wp\/v2\/posts\/404069\/revisions\/404073"}],"wp:featuredmedia":[{"embeddable":true,"href":"https:\/\/www.pcnen.com\/portal\/wp-json\/wp\/v2\/media\/404072"}],"wp:attachment":[{"href":"https:\/\/www.pcnen.com\/portal\/wp-json\/wp\/v2\/media?parent=404069"}],"wp:term":[{"taxonomy":"category","embeddable":true,"href":"https:\/\/www.pcnen.com\/portal\/wp-json\/wp\/v2\/categories?post=404069"},{"taxonomy":"post_tag","embeddable":true,"href":"https:\/\/www.pcnen.com\/portal\/wp-json\/wp\/v2\/tags?post=404069"}],"curies":[{"name":"wp","href":"https:\/\/api.w.org\/{rel}","templated":true}]}}