{"id":404064,"date":"2024-06-09T10:25:50","date_gmt":"2024-06-09T08:25:50","guid":{"rendered":"https:\/\/www.pcnen.com\/portal\/?p=404064"},"modified":"2024-06-09T10:25:50","modified_gmt":"2024-06-09T08:25:50","slug":"propalestinski-demonstranti-opkolili-bijelu-kucu-video","status":"publish","type":"post","link":"https:\/\/www.pcnen.com\/portal\/2024\/06\/09\/propalestinski-demonstranti-opkolili-bijelu-kucu-video\/","title":{"rendered":"Propalestinski demonstranti opkolili Bijelu ku\u0107u (video)"},"content":{"rendered":"<p>Protest, koji je ju\u010de popodne okupio oko 75.000 ljudi, opkolio je Bijelu ku\u0107u, a demonstranti su nosili oko 3 kilometara dug transparent, nazvan \u201eNarodna crvena linija\u201c prenose agencije.<\/p>\n<p>Skup je bio usmjeren protiv Izraela i podr\u0161ke koju aktuelna administracija predsjednika Bajden pru\u017ea toj zemlji u sukobu sa palestinskim Hamasom u Pojasu Gaze.<\/p>\n<p>Demonstranti su Bajdena optu\u017eili da se nalazi &#8220;na pogre\u0161noj strani istorije&#8221; i skandirali &#8220;Slobodnoj Palestini&#8221;.<\/p>\n<p>Protesti su organizovani od strane koalicije ANSWER, Savjeta za ameri\u010dko-islamske odnose, Partije socijalizma i oslobo\u0111enja, kao i antiratne organizacije Koud pink (\u0160ifra ru\u017ei\u010dasto). Ove organizacije su se udru\u017eile da bi izrazile svoje nezadovoljstvo ameri\u010dkom politikom prema Izraelu i Palestini.<\/p>\n<p><iframe loading=\"lazy\" title=\"YouTube video player\" src=\"https:\/\/www.youtube.com\/embed\/MuEaN23BRfE?si=0aJIHVY494SREeum\" width=\"560\" height=\"315\" frameborder=\"0\" allowfullscreen=\"allowfullscreen\"><\/iframe><\/p>\n","protected":false},"excerpt":{"rendered":"<p>Protest, koji je ju\u010de popodne okupio oko 75.000 ljudi, opkolio je Bijelu ku\u0107u, a demonstranti su nosili oko 3 kilometara dug transparent, nazvan \u201eNarodna crvena linija\u201c prenose agencije. Skup je bio usmjeren protiv Izraela i podr\u0161ke koju aktuelna administracija predsjednika Bajden pru\u017ea toj zemlji u sukobu sa palestinskim Hamasom u Pojasu Gaze. Demonstranti su Bajdena [&hellip;]<\/p>\n","protected":false},"author":1,"featured_media":404068,"comment_status":"open","ping_status":"closed","sticky":false,"template":"","format":"standard","meta":{"_seopress_robots_primary_cat":"none","_seopress_titles_title":"","_seopress_titles_desc":"","_seopress_robots_index":"","_et_pb_use_builder":"","_et_pb_old_content":"","_et_gb_content_width":"","inline_featured_image":false,"footnotes":""},"categories":[14],"tags":[],"class_list":["post-404064","post","type-post","status-publish","format-standard","has-post-thumbnail","hentry","category-vijesti"],"_links":{"self":[{"href":"https:\/\/www.pcnen.com\/portal\/wp-json\/wp\/v2\/posts\/404064","targetHints":{"allow":["GET"]}}],"collection":[{"href":"https:\/\/www.pcnen.com\/portal\/wp-json\/wp\/v2\/posts"}],"about":[{"href":"https:\/\/www.pcnen.com\/portal\/wp-json\/wp\/v2\/types\/post"}],"author":[{"embeddable":true,"href":"https:\/\/www.pcnen.com\/portal\/wp-json\/wp\/v2\/users\/1"}],"replies":[{"embeddable":true,"href":"https:\/\/www.pcnen.com\/portal\/wp-json\/wp\/v2\/comments?post=404064"}],"version-history":[{"count":1,"href":"https:\/\/www.pcnen.com\/portal\/wp-json\/wp\/v2\/posts\/404064\/revisions"}],"predecessor-version":[{"id":404067,"href":"https:\/\/www.pcnen.com\/portal\/wp-json\/wp\/v2\/posts\/404064\/revisions\/404067"}],"wp:featuredmedia":[{"embeddable":true,"href":"https:\/\/www.pcnen.com\/portal\/wp-json\/wp\/v2\/media\/404068"}],"wp:attachment":[{"href":"https:\/\/www.pcnen.com\/portal\/wp-json\/wp\/v2\/media?parent=404064"}],"wp:term":[{"taxonomy":"category","embeddable":true,"href":"https:\/\/www.pcnen.com\/portal\/wp-json\/wp\/v2\/categories?post=404064"},{"taxonomy":"post_tag","embeddable":true,"href":"https:\/\/www.pcnen.com\/portal\/wp-json\/wp\/v2\/tags?post=404064"}],"curies":[{"name":"wp","href":"https:\/\/api.w.org\/{rel}","templated":true}]}}