{"id":404031,"date":"2024-06-09T00:44:13","date_gmt":"2024-06-08T22:44:13","guid":{"rendered":"https:\/\/www.pcnen.com\/portal\/?p=404031"},"modified":"2024-06-09T00:51:04","modified_gmt":"2024-06-08T22:51:04","slug":"andjelkovic-svesrpski-sabor-je-ispracaj-kosova-video","status":"publish","type":"post","link":"https:\/\/www.pcnen.com\/portal\/2024\/06\/09\/andjelkovic-svesrpski-sabor-je-ispracaj-kosova-video\/","title":{"rendered":"An\u0111elkovi\u0107: Svesrpski sabor je ispra\u0107aj Kosova (video)"},"content":{"rendered":"<p>Politi\u010dki analiti\u010dar Dragomir An\u0111elkovi\u0107 je na TV Nova komentarisao Svesrpki sabor, odr\u017ean ju\u010de u Beogradu. On je rekao da su Vu\u010di\u0107u sada potrebni performansi da bi pokrio izdaju i predaju Kosova.<\/p>\n<p><iframe loading=\"lazy\" title=\"YouTube video player\" src=\"https:\/\/www.youtube.com\/embed\/HxEXquDBVtM?si=nKFOWhp_TRl0n1RG\" width=\"560\" height=\"315\" frameborder=\"0\" allowfullscreen=\"allowfullscreen\"><\/iframe><\/p>\n","protected":false},"excerpt":{"rendered":"<p>Politi\u010dki analiti\u010dar Dragomir An\u0111elkovi\u0107 je na TV Nova komentarisao Svesrpki sabor, odr\u017ean ju\u010de u Beogradu<\/p>\n","protected":false},"author":1,"featured_media":403961,"comment_status":"open","ping_status":"closed","sticky":false,"template":"","format":"standard","meta":{"_seopress_robots_primary_cat":"none","_seopress_titles_title":"","_seopress_titles_desc":"","_seopress_robots_index":"","_et_pb_use_builder":"","_et_pb_old_content":"","_et_gb_content_width":"","inline_featured_image":false,"footnotes":""},"categories":[14],"tags":[],"class_list":["post-404031","post","type-post","status-publish","format-standard","has-post-thumbnail","hentry","category-vijesti"],"_links":{"self":[{"href":"https:\/\/www.pcnen.com\/portal\/wp-json\/wp\/v2\/posts\/404031","targetHints":{"allow":["GET"]}}],"collection":[{"href":"https:\/\/www.pcnen.com\/portal\/wp-json\/wp\/v2\/posts"}],"about":[{"href":"https:\/\/www.pcnen.com\/portal\/wp-json\/wp\/v2\/types\/post"}],"author":[{"embeddable":true,"href":"https:\/\/www.pcnen.com\/portal\/wp-json\/wp\/v2\/users\/1"}],"replies":[{"embeddable":true,"href":"https:\/\/www.pcnen.com\/portal\/wp-json\/wp\/v2\/comments?post=404031"}],"version-history":[{"count":4,"href":"https:\/\/www.pcnen.com\/portal\/wp-json\/wp\/v2\/posts\/404031\/revisions"}],"predecessor-version":[{"id":404037,"href":"https:\/\/www.pcnen.com\/portal\/wp-json\/wp\/v2\/posts\/404031\/revisions\/404037"}],"wp:featuredmedia":[{"embeddable":true,"href":"https:\/\/www.pcnen.com\/portal\/wp-json\/wp\/v2\/media\/403961"}],"wp:attachment":[{"href":"https:\/\/www.pcnen.com\/portal\/wp-json\/wp\/v2\/media?parent=404031"}],"wp:term":[{"taxonomy":"category","embeddable":true,"href":"https:\/\/www.pcnen.com\/portal\/wp-json\/wp\/v2\/categories?post=404031"},{"taxonomy":"post_tag","embeddable":true,"href":"https:\/\/www.pcnen.com\/portal\/wp-json\/wp\/v2\/tags?post=404031"}],"curies":[{"name":"wp","href":"https:\/\/api.w.org\/{rel}","templated":true}]}}