{"id":404017,"date":"2024-06-08T18:36:33","date_gmt":"2024-06-08T16:36:33","guid":{"rendered":"https:\/\/www.pcnen.com\/portal\/?p=404017"},"modified":"2024-06-08T18:38:57","modified_gmt":"2024-06-08T16:38:57","slug":"vojin-mijatovic-sabor-cega","status":"publish","type":"post","link":"https:\/\/www.pcnen.com\/portal\/2024\/06\/08\/vojin-mijatovic-sabor-cega\/","title":{"rendered":"Vojin Mijatovi\u0107: Sabor \u010dega?"},"content":{"rendered":"<blockquote><p>Ministar razvoja, preduzetni\u0161tva i potpredsjednik Vlade Federacije BiH Vojin Mijatovi\u0107, \u010diji je brat<a href=\"https:\/\/www.pcnen.com\/portal\/2024\/05\/27\/u-beogradu-na-smrt-pretucen-brat-potpredsjednika-vlade-bih\/\" target=\"_blank\" rel=\"noopener\"> nedavno ubijen<\/a> u Beogradu, na svojoj FB stranici se kriti\u010dki osvrnuo na <a href=\"https:\/\/www.pcnen.com\/portal\/2024\/06\/08\/sta-pise-u-deklaraciji-usvojenoj-na-svesrpskom-saboru\/\" target=\"_blank\" rel=\"noopener\">danas odr\u017eani<\/a> Svesrpski sabor u Beogradu. &#8220;Sabor \u010dega&#8221;, pita na po\u010detku osvrta Mijatovi\u0107 i nastavlja:<\/p>\n<p>&#8220;Liderstvo i vrednosti su odavno izgubili smisao. Nacionalni identitet je zamenjen novcem i koli\u010dinom mo\u0107i.<\/p>\n<p>Biti nacionalni lider bilo kog naroda je upravo suprotno svemu onome \u0161to \u0107e predstavnici novih elita predstaviti danas u Beogradu na kvazi nacionalnom saboru.<\/p>\n<p>Danas \u0107e predstavnici elita koji su usput u par decenija oplja\u010dkali sopstveni srpski narod, padati u trans nad \u201ckosovskim zavetom\u201d, \u201csvetosavljem\u201d i ostalim fikcijama sopstvenog naroda.<\/p>\n<p>Pa kada ve\u0107 pokazujete takvu \u201cslogu\u201d i \u201cmo\u0107\u201d za\u0161to taj sabor nije na Kosovu, pa zar to nije va\u015b zavet?<\/p>\n<p>Za\u0161to kad ve\u0107 toliko volite sopstveni narod, plate i penzije nisu kao u Evropskoj Uniji, za\u0161to bolnice, vrti\u0107i i \u0161kole nisu kao u celoj Evropi?<\/p>\n<p>Naravno svi va\u0161i odgovori staju u standardnu mantru koju guslate decenijama, ceo svet je protiv na\u0161eg naroda, osim \u201cbra\u0107e\u201d Rusa, ali na\u0161i \u201clideri\u201d \u0107e odbraniti srpski narod.<\/p>\n<p>Ali d\u017eaba, danas \u0107ete se ogrnuti srpskom zastavom i \u201ckosovskim zavetom\u201d i amnestirati sav svoj kriminal, tone narkotika koje se svaki dan pod va\u0161im patronatom prodaju u svim gradovima \u0161irom Srbije i Republike Srpske, na\u0161oj deci, amnestira\u0107ete kriminalce koje po va\u0161im potrebama pu\u0161tate iz zatvora da odra\u0111uju za vas, amnestira\u0107ete oteto u ratu i privatizaciji, sve name\u0161tene tendere i ostali kriminal.<\/p>\n<p>Dragi narode, danas u Beogradu u\u017eivo gledaj svojih ruku delo, skup elite, milionera koji vas decenijama brane od pove\u0107anje plata i penzija, od boljih uslova za va\u0161u decu od normlanog \u017eivota, naravno oni to zovu neprijatelji Srba, al jbg i vi verujete u to, tako da u\u017eivajte\u2026<\/p>\n<p>Naravno isto va\u017ei i za ve\u0107inu lidera drugih naroda na Balkanu, mantra je ista, isto sranje drugo pakovanje.<\/p>\n<p>Danas saborovanje, sutra ve\u0107 isto name\u0161teni tenderi, narko bosovi pod za\u0161titom vlasti, ubistva, premla\u0107ivanje, pretnje i ostalo, pravi nacionalni ponos nema \u0161ta&#8221;.<\/p><\/blockquote>\n<p><iframe loading=\"lazy\" style=\"border: none; overflow: hidden;\" src=\"https:\/\/www.facebook.com\/plugins\/post.php?href=https%3A%2F%2Fwww.facebook.com%2Fvojinbg%2Fposts%2Fpfbid0sbJNqj8gAhVEoeVeQKm77Phr7DGtB3rjjZgxPM5WMZsHmcjT1TmBfevM8nYYtNkul&amp;show_text=true&amp;width=500&amp;preview=comet_preview\" width=\"500\" height=\"533\" frameborder=\"0\" scrolling=\"no\" allowfullscreen=\"allowfullscreen\"><\/iframe><\/p>\n","protected":false},"excerpt":{"rendered":"<p>Ministar razvoja, preduzetni\u0161tva i obrta Federacije BiH Vojin Mijatovi\u0107, \u010diji je brat nedavno ubijen u Beogradu, na svojoj FB stranici se kriti\u010dki osvrnuo na danas odr\u017eani Svesrpski sabor u Beogradu.<\/p>\n","protected":false},"author":1,"featured_media":404020,"comment_status":"open","ping_status":"closed","sticky":false,"template":"","format":"standard","meta":{"_seopress_robots_primary_cat":"none","_seopress_titles_title":"","_seopress_titles_desc":"","_seopress_robots_index":"","_et_pb_use_builder":"","_et_pb_old_content":"","_et_gb_content_width":"","inline_featured_image":false,"footnotes":""},"categories":[14],"tags":[],"class_list":["post-404017","post","type-post","status-publish","format-standard","has-post-thumbnail","hentry","category-vijesti"],"_links":{"self":[{"href":"https:\/\/www.pcnen.com\/portal\/wp-json\/wp\/v2\/posts\/404017","targetHints":{"allow":["GET"]}}],"collection":[{"href":"https:\/\/www.pcnen.com\/portal\/wp-json\/wp\/v2\/posts"}],"about":[{"href":"https:\/\/www.pcnen.com\/portal\/wp-json\/wp\/v2\/types\/post"}],"author":[{"embeddable":true,"href":"https:\/\/www.pcnen.com\/portal\/wp-json\/wp\/v2\/users\/1"}],"replies":[{"embeddable":true,"href":"https:\/\/www.pcnen.com\/portal\/wp-json\/wp\/v2\/comments?post=404017"}],"version-history":[{"count":2,"href":"https:\/\/www.pcnen.com\/portal\/wp-json\/wp\/v2\/posts\/404017\/revisions"}],"predecessor-version":[{"id":404022,"href":"https:\/\/www.pcnen.com\/portal\/wp-json\/wp\/v2\/posts\/404017\/revisions\/404022"}],"wp:featuredmedia":[{"embeddable":true,"href":"https:\/\/www.pcnen.com\/portal\/wp-json\/wp\/v2\/media\/404020"}],"wp:attachment":[{"href":"https:\/\/www.pcnen.com\/portal\/wp-json\/wp\/v2\/media?parent=404017"}],"wp:term":[{"taxonomy":"category","embeddable":true,"href":"https:\/\/www.pcnen.com\/portal\/wp-json\/wp\/v2\/categories?post=404017"},{"taxonomy":"post_tag","embeddable":true,"href":"https:\/\/www.pcnen.com\/portal\/wp-json\/wp\/v2\/tags?post=404017"}],"curies":[{"name":"wp","href":"https:\/\/api.w.org\/{rel}","templated":true}]}}