{"id":403998,"date":"2024-06-08T13:01:58","date_gmt":"2024-06-08T11:01:58","guid":{"rendered":"https:\/\/www.pcnen.com\/portal\/?p=403998"},"modified":"2024-06-08T13:02:25","modified_gmt":"2024-06-08T11:02:25","slug":"knezevic-saljemo-poruku-da-nijesmo-manjina-u-crnoj-gori-video","status":"publish","type":"post","link":"https:\/\/www.pcnen.com\/portal\/2024\/06\/08\/knezevic-saljemo-poruku-da-nijesmo-manjina-u-crnoj-gori-video\/","title":{"rendered":"Kne\u017eevi\u0107: \u0160aljemo poruku da nijesmo manjina u Crnoj Gori (video)"},"content":{"rendered":"<p>Predsjednik Demokratske narodne partije Milan Kne\u017eevi\u0107 je rekao da brojna delegacija na Prvom svesrpskom saboru pod nazivom \u201eJedan narod, jedan sabor \u2013 Srbija i Srpska\u201c u Beogradu, kao i taj dana\u0161nji doga\u0111aj, demonstriraju neraskidive veze Srbije sa Crnom Gorom, zbog zajedni\u010dke pro\u0161losti i izazova.<\/p>\n<p>&#8220;Vjerujem da zajedni\u010dki mo\u017eemo da gradimo budu\u0107nost bez obzira na sve \u0161to se izde\u0161avalo prethodnih nekoliko nedjelja i mjeseci, kada su neke nesmotrene i pogre\u0161ne odluke vlade Milojka Spaji\u0107a pogor\u0161ale odnose sa Srbijom&#8221;, kazao je Kne\u017eevi\u0107,<a href=\"https:\/\/www.rts.rs\/lat\/vesti\/politika\/5461743\/prvi-svesrpski-sabor-u-beogradu--zajednicka-sednica-vlada-srbije-i-republike-srpske-.html\"> prenosi RTS.<\/a><\/p>\n<p>Na\u0161e prisustvo ovdje \u0161alje poruku da nismo manjina u Crnoj Gori i da ve\u0107inska Crna Gora ne podr\u017eava odluku Spaji\u0107a, rekao je Kne\u017eevi\u0107.<\/p>\n<p>Govore\u0107i o rezoluciji o Srebrenci, Kne\u017eevi\u0107 podsje\u0107a da Crna Gora nije bila kosponozor rezolucije, ali da je podnijela amandmane, &#8220;za koje se zaka\u010dila Njema\u010dka&#8221;.<br \/>\n&#8220;Vjerujem da \u0107e na\u0161e dana\u0161nje prisustvo otvoriti nove vidike saradnje Srbije i Crne Gore&#8221;, rekao je Kne\u017eevi\u0107.<\/p>\n<p>&#8220;Sada je na potezu premijer Spaji\u0107 da uva\u017ei prosrpske stanke koje ne mogu da pre\u0111u preko glasanja o rezoluciji o Srebrenici. \u017delimo da potpi\u0161emo me\u0111udr\u017eavni sporazum o dvojnom dr\u017eavljanstvu, \u017eelimo specijalne i duhovne veze sa Srbijom i da stvorimo osnov da se vi\u0161e nikad ne desi rezolucija o Srebrenci&#8221;, zaklju\u010dio je predsjednik DNP-a.<\/p>\n<p><script type=\"text\/javascript\" src=\"\/\/services.brid.tv\/player\/build\/brid.min.js\"><\/script><\/p>\n<div id=\"videoBox-1673005\" class=\"brid\"><\/div>\n<blockquote class=\"wp-embedded-content\" data-secret=\"HhvDJCu6gS\"><p><a href=\"https:\/\/www.pcnen.com\/portal\/2024\/06\/08\/danas-se-odrzava-svesrpski-sabor-jedan-narod-jedan-sabor-srbija-i-srpska\/\">Danas se odr\u017eava Svesrpski sabor: Jedan narod, jedan sabor \u2013 Srbija i Srpska<\/a><\/p><\/blockquote>\n<p><iframe loading=\"lazy\" class=\"wp-embedded-content\" sandbox=\"allow-scripts\" security=\"restricted\" style=\"position: absolute; clip: rect(1px, 1px, 1px, 1px);\" title=\"&#8220;Danas se odr\u017eava Svesrpski sabor: Jedan narod, jedan sabor \u2013 Srbija i Srpska&#8221; &#8212; PCNEN\" src=\"https:\/\/www.pcnen.com\/portal\/2024\/06\/08\/danas-se-odrzava-svesrpski-sabor-jedan-narod-jedan-sabor-srbija-i-srpska\/embed\/#?secret=60Gg9oGmii#?secret=HhvDJCu6gS\" data-secret=\"HhvDJCu6gS\" width=\"600\" height=\"338\" frameborder=\"0\" marginwidth=\"0\" marginheight=\"0\" scrolling=\"no\"><\/iframe><\/p>\n","protected":false},"excerpt":{"rendered":"<p>Predsjednik Demokratske narodne partije Milan Kne\u017eevi\u0107 je rekao da brojna delegacija na Prvom svesrpskom saboru pod nazivom \u201eJedan narod, jedan sabor \u2013 Srbija i Srpska\u201c u Beogradu, kao i taj dana\u0161nji doga\u0111aj, demonstriraju neraskidive veze Srbije sa Crnom Gorom, zbog zajedni\u010dke pro\u0161losti i izazova.<\/p>\n","protected":false},"author":1,"featured_media":293877,"comment_status":"open","ping_status":"closed","sticky":false,"template":"","format":"standard","meta":{"_seopress_robots_primary_cat":"none","_seopress_titles_title":"","_seopress_titles_desc":"","_seopress_robots_index":"","_et_pb_use_builder":"","_et_pb_old_content":"","_et_gb_content_width":"","inline_featured_image":false,"footnotes":""},"categories":[14],"tags":[],"class_list":["post-403998","post","type-post","status-publish","format-standard","has-post-thumbnail","hentry","category-vijesti"],"_links":{"self":[{"href":"https:\/\/www.pcnen.com\/portal\/wp-json\/wp\/v2\/posts\/403998","targetHints":{"allow":["GET"]}}],"collection":[{"href":"https:\/\/www.pcnen.com\/portal\/wp-json\/wp\/v2\/posts"}],"about":[{"href":"https:\/\/www.pcnen.com\/portal\/wp-json\/wp\/v2\/types\/post"}],"author":[{"embeddable":true,"href":"https:\/\/www.pcnen.com\/portal\/wp-json\/wp\/v2\/users\/1"}],"replies":[{"embeddable":true,"href":"https:\/\/www.pcnen.com\/portal\/wp-json\/wp\/v2\/comments?post=403998"}],"version-history":[{"count":3,"href":"https:\/\/www.pcnen.com\/portal\/wp-json\/wp\/v2\/posts\/403998\/revisions"}],"predecessor-version":[{"id":404003,"href":"https:\/\/www.pcnen.com\/portal\/wp-json\/wp\/v2\/posts\/403998\/revisions\/404003"}],"wp:featuredmedia":[{"embeddable":true,"href":"https:\/\/www.pcnen.com\/portal\/wp-json\/wp\/v2\/media\/293877"}],"wp:attachment":[{"href":"https:\/\/www.pcnen.com\/portal\/wp-json\/wp\/v2\/media?parent=403998"}],"wp:term":[{"taxonomy":"category","embeddable":true,"href":"https:\/\/www.pcnen.com\/portal\/wp-json\/wp\/v2\/categories?post=403998"},{"taxonomy":"post_tag","embeddable":true,"href":"https:\/\/www.pcnen.com\/portal\/wp-json\/wp\/v2\/tags?post=403998"}],"curies":[{"name":"wp","href":"https:\/\/api.w.org\/{rel}","templated":true}]}}