{"id":403970,"date":"2024-06-08T08:54:08","date_gmt":"2024-06-08T06:54:08","guid":{"rendered":"https:\/\/www.pcnen.com\/portal\/?p=403970"},"modified":"2024-06-08T08:54:08","modified_gmt":"2024-06-08T06:54:08","slug":"lavrov-pisao-ucensicima-svesrpskog-sabora","status":"publish","type":"post","link":"https:\/\/www.pcnen.com\/portal\/2024\/06\/08\/lavrov-pisao-ucensicima-svesrpskog-sabora\/","title":{"rendered":"Lavrov pisao u\u010densicima Svesrpskog sabora"},"content":{"rendered":"<p>Ministar vanjskih poslova Rusije Sergej Lavrov uputio je pismo u\u010desnicima Svesrpskog sabora u Beogradu u kojem je naveo da su &#8220;Srbi i Rusi pru\u017eali rame uz rame otpor neprijateljima i osvaja\u010dima i zajedno gradili miran \u017eivot&#8221;.<\/p>\n<p>&#8220;Dragi srpski prijatelji! Na\u0161e narode spajaju vi\u0161evjekovne veze, zajedni\u010dke tradicionalne vrijednosti, prijateljstvo provjereno vremenom i te\u0161kim isku\u0161enjima. Rusi i Srbi su rame uz rame pru\u017eali otpor neprijateljima i osvaja\u010dima, zajedno gradili miran \u017eivot&#8221;, naveo je Lavrov u pismu.<\/p>\n<p>On je dodao da se &#8220;danas suo\u010davamo sa novim izazovima, udru\u017eeno se suprotstavljaju\u0107i snagama koje poku\u0161avaju da cijelom svijetu nametnu svoja pravila, izvrnu historiju, usade u svijest na\u0161e djece tu\u0111e i antihumane postulate&#8221;.<\/p>\n<p>&#8220;Juna\u010dki srpski narod je jasno pokazao da se ne\u0107e pomiriti sa neokolonijalnim porobljavanjem. Zato Zapad i poku\u0161ava da kazni Srbe, li\u0161i ih slobode, oduzme njihova iskonska ognji\u0161ta, natjera da odustanu od prava na sopstveno mi\u0161ljenje i nezavisnu politiku, rastavi i rasturi&#8221;, istakao je Lavrov.<\/p>\n<p>On je dodao da je &#8220;jedinstvo sada va\u017enije nego ikada&#8221; i da je ono upisano u &#8220;genetski kod Srba, jasno odra\u017eeno u srpskoj simbolici &#8211; u krilatici Samo sloga Srbina spasava&#8221;.<\/p>\n<p>&#8220;Samo u slozi je mogu\u0107e sa\u010duvati svoj identitet, umno\u017eiti istorijsku i kulturnu ba\u0161tinu koju su nam ostavili preci, odbraniti pravo da sami odre\u0111ujemo nacionalne prioritete i te\u017eimo njihovom sprovo\u0111enju, graditi harmoni\u010dne i prijateljske odnose sa susjedima&#8221;, rekao je ministar vanjskih poslova Rusije.<\/p>\n<p>Lavrov je naveo da &#8220;Rusija nikada ne\u0107e zatvoriti o\u010di pred bilo kojom nepravdom prema bratskom srpskom narodu, poku\u0161ajima demonizacije Srba, ga\u017eenjem njihovih zakonitih prava&#8221;.<\/p>\n<p>&#8220;Zajedno sa drugim slobodarskim nacijama nastavi\u0107emo da gradimo novi svjetski poredak &#8211; na osnovu ravnopravnosti, dijaloga, uzajamnog po\u0161tovanja i me\u0111usobnog uva\u017eavanja interesa&#8221;, naveo je Lavrov u pismu upu\u0107enom u\u010desnicima dana\u0161njeg Svesrpskog sabora u Beogradu.<\/p>\n<blockquote class=\"wp-embedded-content\" data-secret=\"TFMDpMo4i5\"><p><a href=\"https:\/\/www.pcnen.com\/portal\/2024\/06\/08\/danas-se-odrzava-svesrpski-sabor-jedan-narod-jedan-sabor-srbija-i-srpska\/\">Danas se odr\u017eava Svesrpski sabor: Jedan narod, jedan sabor \u2013 Srbija i Srpska<\/a><\/p><\/blockquote>\n<p><iframe loading=\"lazy\" class=\"wp-embedded-content\" sandbox=\"allow-scripts\" security=\"restricted\" style=\"position: absolute; clip: rect(1px, 1px, 1px, 1px);\" title=\"&#8220;Danas se odr\u017eava Svesrpski sabor: Jedan narod, jedan sabor \u2013 Srbija i Srpska&#8221; &#8212; PCNEN\" src=\"https:\/\/www.pcnen.com\/portal\/2024\/06\/08\/danas-se-odrzava-svesrpski-sabor-jedan-narod-jedan-sabor-srbija-i-srpska\/embed\/#?secret=jOF7vLSKbl#?secret=TFMDpMo4i5\" data-secret=\"TFMDpMo4i5\" width=\"600\" height=\"338\" frameborder=\"0\" marginwidth=\"0\" marginheight=\"0\" scrolling=\"no\"><\/iframe><\/p>\n","protected":false},"excerpt":{"rendered":"<p>Ministar vanjskih poslova Rusije Sergej Lavrov uputio je pismo u\u010desnicima Svesrpskog sabora u Beogradu u kojem je naveo da su &#8220;Srbi i Rusi pru\u017eali rame uz rame otpor neprijateljima i osvaja\u010dima i zajedno gradili miran \u017eivot&#8221;.<\/p>\n","protected":false},"author":1,"featured_media":333841,"comment_status":"open","ping_status":"closed","sticky":false,"template":"","format":"standard","meta":{"_seopress_robots_primary_cat":"none","_seopress_titles_title":"","_seopress_titles_desc":"","_seopress_robots_index":"","_et_pb_use_builder":"","_et_pb_old_content":"","_et_gb_content_width":"","inline_featured_image":false,"footnotes":""},"categories":[14],"tags":[],"class_list":["post-403970","post","type-post","status-publish","format-standard","has-post-thumbnail","hentry","category-vijesti"],"_links":{"self":[{"href":"https:\/\/www.pcnen.com\/portal\/wp-json\/wp\/v2\/posts\/403970","targetHints":{"allow":["GET"]}}],"collection":[{"href":"https:\/\/www.pcnen.com\/portal\/wp-json\/wp\/v2\/posts"}],"about":[{"href":"https:\/\/www.pcnen.com\/portal\/wp-json\/wp\/v2\/types\/post"}],"author":[{"embeddable":true,"href":"https:\/\/www.pcnen.com\/portal\/wp-json\/wp\/v2\/users\/1"}],"replies":[{"embeddable":true,"href":"https:\/\/www.pcnen.com\/portal\/wp-json\/wp\/v2\/comments?post=403970"}],"version-history":[{"count":1,"href":"https:\/\/www.pcnen.com\/portal\/wp-json\/wp\/v2\/posts\/403970\/revisions"}],"predecessor-version":[{"id":403973,"href":"https:\/\/www.pcnen.com\/portal\/wp-json\/wp\/v2\/posts\/403970\/revisions\/403973"}],"wp:featuredmedia":[{"embeddable":true,"href":"https:\/\/www.pcnen.com\/portal\/wp-json\/wp\/v2\/media\/333841"}],"wp:attachment":[{"href":"https:\/\/www.pcnen.com\/portal\/wp-json\/wp\/v2\/media?parent=403970"}],"wp:term":[{"taxonomy":"category","embeddable":true,"href":"https:\/\/www.pcnen.com\/portal\/wp-json\/wp\/v2\/categories?post=403970"},{"taxonomy":"post_tag","embeddable":true,"href":"https:\/\/www.pcnen.com\/portal\/wp-json\/wp\/v2\/tags?post=403970"}],"curies":[{"name":"wp","href":"https:\/\/api.w.org\/{rel}","templated":true}]}}