{"id":403966,"date":"2024-06-08T08:44:54","date_gmt":"2024-06-08T06:44:54","guid":{"rendered":"https:\/\/www.pcnen.com\/portal\/?p=403966"},"modified":"2024-06-08T08:44:54","modified_gmt":"2024-06-08T06:44:54","slug":"vucic-srbi-u-crnoj-gori-nijesu-postigli-nista","status":"publish","type":"post","link":"https:\/\/www.pcnen.com\/portal\/2024\/06\/08\/vucic-srbi-u-crnoj-gori-nijesu-postigli-nista\/","title":{"rendered":"Vu\u010di\u0107: Srbi u Crnoj Gori nijesu postigli ni\u0161ta"},"content":{"rendered":"<p>Predsjednik Srbije Aleksandar Vu\u010di\u0107 je rekao da politi\u010dki subjektivitet srpskog naroda u Crnoj Gori nije postigao nikakav rezultat, i da Srbi, ne mije\u0161aju\u0107i se u unutra\u0161nje stvari drugih dr\u017eava, moraju tra\u017eiti svoja prava kao svi drugi narodi.<\/p>\n<p>\u201cJesu li Albanci kao kolektivni politi\u010dki subjektivitet postigli zna\u010dajne rezultate u S. Makedoniji &#8211; jesu. A jesmo li mi Srbi postigli ikakve rezultate kao politi\u010dki subjektivitet u Crnoj Gori \u2013 nismo\u201d, rekao Vu\u010di\u0107.<\/p>\n<p>Vu\u010di\u0107 je dodao da ne misli da se treba mije\u0161ati u unutra\u0161nja pitanja drugih zemalja, ali da Srbi moraju da istaknu da se ne stide svog porjekla i da se ponose svojim rodom.<\/p>\n<p>\u201cTra\u017ei\u0107emo svoja prava kakva imaju svi drugi narodi. Ni\u0161ta vi\u0161e od toga. Ne\u0107emo da u\u010destvujemo ni u ratovima, ni u sukobima, ni u ru\u0161enju me\u0111unarodno pravno priznatih granica. Ni u \u010demu od toga. Jedino \u0161to \u017eelimo su prava za na\u0161 narod, kakva svi drugi imaju\u201d, \u00a0rekao je Vu\u010di\u0107, prenose mediji.<\/p>\n","protected":false},"excerpt":{"rendered":"<p>Predsjednik Srbije Aleksandar Vu\u010di\u0107 je rekao da politi\u010dki subjektivitet srpskog naroda u Crnoj Gori nije postigao nikakav rezultat, i da Srbi, ne mije\u0161aju\u0107i se u unutra\u0161nje stvari drugih dr\u017eava, moraju tra\u017eiti svoja prava kao svi drugi narodi.<\/p>\n","protected":false},"author":1,"featured_media":351137,"comment_status":"open","ping_status":"closed","sticky":false,"template":"","format":"standard","meta":{"_seopress_robots_primary_cat":"none","_seopress_titles_title":"","_seopress_titles_desc":"","_seopress_robots_index":"","_et_pb_use_builder":"","_et_pb_old_content":"","_et_gb_content_width":"","inline_featured_image":false,"footnotes":""},"categories":[14],"tags":[],"class_list":["post-403966","post","type-post","status-publish","format-standard","has-post-thumbnail","hentry","category-vijesti"],"_links":{"self":[{"href":"https:\/\/www.pcnen.com\/portal\/wp-json\/wp\/v2\/posts\/403966","targetHints":{"allow":["GET"]}}],"collection":[{"href":"https:\/\/www.pcnen.com\/portal\/wp-json\/wp\/v2\/posts"}],"about":[{"href":"https:\/\/www.pcnen.com\/portal\/wp-json\/wp\/v2\/types\/post"}],"author":[{"embeddable":true,"href":"https:\/\/www.pcnen.com\/portal\/wp-json\/wp\/v2\/users\/1"}],"replies":[{"embeddable":true,"href":"https:\/\/www.pcnen.com\/portal\/wp-json\/wp\/v2\/comments?post=403966"}],"version-history":[{"count":1,"href":"https:\/\/www.pcnen.com\/portal\/wp-json\/wp\/v2\/posts\/403966\/revisions"}],"predecessor-version":[{"id":403969,"href":"https:\/\/www.pcnen.com\/portal\/wp-json\/wp\/v2\/posts\/403966\/revisions\/403969"}],"wp:featuredmedia":[{"embeddable":true,"href":"https:\/\/www.pcnen.com\/portal\/wp-json\/wp\/v2\/media\/351137"}],"wp:attachment":[{"href":"https:\/\/www.pcnen.com\/portal\/wp-json\/wp\/v2\/media?parent=403966"}],"wp:term":[{"taxonomy":"category","embeddable":true,"href":"https:\/\/www.pcnen.com\/portal\/wp-json\/wp\/v2\/categories?post=403966"},{"taxonomy":"post_tag","embeddable":true,"href":"https:\/\/www.pcnen.com\/portal\/wp-json\/wp\/v2\/tags?post=403966"}],"curies":[{"name":"wp","href":"https:\/\/api.w.org\/{rel}","templated":true}]}}