{"id":403930,"date":"2024-06-07T21:52:05","date_gmt":"2024-06-07T19:52:05","guid":{"rendered":"https:\/\/www.pcnen.com\/portal\/?p=403930"},"modified":"2024-06-07T21:52:05","modified_gmt":"2024-06-07T19:52:05","slug":"izrael-na-crnoj-listi-un-zbog-ubijanja-djece","status":"publish","type":"post","link":"https:\/\/www.pcnen.com\/portal\/2024\/06\/07\/izrael-na-crnoj-listi-un-zbog-ubijanja-djece\/","title":{"rendered":"Izrael na crnoj listi UN zbog ubijanja djece"},"content":{"rendered":"<p>Ujedinjene nacije su odlu\u010dile da dodaju Izrael na svoju crnu listu zemalja i organizacija koje nanose \u0161tetu djeci u zonama sukoba, rekao je generalni sekretar UN Antonio Gutere\u0161 izraelskom ata\u0161eu za odbranu u SAD, general-majoru Hedi Silbermanu, <a href=\"https:\/\/allisrael.com\/united-nations-to-put-israel-on-blacklist-of-countries-harming-children-in-conflict-zones\" target=\"_blank\" rel=\"noopener\">objavili<\/a> su danas izraelski mediji.<\/p>\n<p>Uprkos vi\u0161enedeljnim naporima Izraela da odvrati Gutere\u0161a od ovog koraka, o\u010dekuje se da \u0107e Izrael biti uvr\u0161ten na listu koja \u0107e biti objavljena slede\u0107e nedjelje kao dio izvje\u0161taja Savjetu bezbednosti UN, navodi lokalni Channel 13 News.<\/p>\n<p>&nbsp;<\/p>\n","protected":false},"excerpt":{"rendered":"<p>Ujedinjene nacije su odlu\u010dile da dodaju Izrael na svoju crnu listu zemalja i organizacija koje nanose \u0161tetu djeci u zonama sukoba, rekao je generalni sekretar UN Antonio Gutere\u0161 izraelskom ata\u0161eu za odbranu u SAD, general-majoru Hedi Silbermanu<\/p>\n","protected":false},"author":1,"featured_media":403643,"comment_status":"open","ping_status":"closed","sticky":false,"template":"","format":"standard","meta":{"_seopress_robots_primary_cat":"none","_seopress_titles_title":"","_seopress_titles_desc":"","_seopress_robots_index":"","_et_pb_use_builder":"","_et_pb_old_content":"","_et_gb_content_width":"","inline_featured_image":false,"footnotes":""},"categories":[14],"tags":[],"class_list":["post-403930","post","type-post","status-publish","format-standard","has-post-thumbnail","hentry","category-vijesti"],"_links":{"self":[{"href":"https:\/\/www.pcnen.com\/portal\/wp-json\/wp\/v2\/posts\/403930","targetHints":{"allow":["GET"]}}],"collection":[{"href":"https:\/\/www.pcnen.com\/portal\/wp-json\/wp\/v2\/posts"}],"about":[{"href":"https:\/\/www.pcnen.com\/portal\/wp-json\/wp\/v2\/types\/post"}],"author":[{"embeddable":true,"href":"https:\/\/www.pcnen.com\/portal\/wp-json\/wp\/v2\/users\/1"}],"replies":[{"embeddable":true,"href":"https:\/\/www.pcnen.com\/portal\/wp-json\/wp\/v2\/comments?post=403930"}],"version-history":[{"count":1,"href":"https:\/\/www.pcnen.com\/portal\/wp-json\/wp\/v2\/posts\/403930\/revisions"}],"predecessor-version":[{"id":403933,"href":"https:\/\/www.pcnen.com\/portal\/wp-json\/wp\/v2\/posts\/403930\/revisions\/403933"}],"wp:featuredmedia":[{"embeddable":true,"href":"https:\/\/www.pcnen.com\/portal\/wp-json\/wp\/v2\/media\/403643"}],"wp:attachment":[{"href":"https:\/\/www.pcnen.com\/portal\/wp-json\/wp\/v2\/media?parent=403930"}],"wp:term":[{"taxonomy":"category","embeddable":true,"href":"https:\/\/www.pcnen.com\/portal\/wp-json\/wp\/v2\/categories?post=403930"},{"taxonomy":"post_tag","embeddable":true,"href":"https:\/\/www.pcnen.com\/portal\/wp-json\/wp\/v2\/tags?post=403930"}],"curies":[{"name":"wp","href":"https:\/\/api.w.org\/{rel}","templated":true}]}}