{"id":403897,"date":"2024-06-07T14:48:12","date_gmt":"2024-06-07T12:48:12","guid":{"rendered":"https:\/\/www.pcnen.com\/portal\/?p=403897"},"modified":"2024-06-07T14:49:08","modified_gmt":"2024-06-07T12:49:08","slug":"ek-dala-pozitivan-ibar-i-preporucila-odrzavanje-medjuvladine-konferencije","status":"publish","type":"post","link":"https:\/\/www.pcnen.com\/portal\/2024\/06\/07\/ek-dala-pozitivan-ibar-i-preporucila-odrzavanje-medjuvladine-konferencije\/","title":{"rendered":"EK dala pozitivan IBAR i preporu\u010dila odr\u017eavanje Me\u0111uvladine konferencije"},"content":{"rendered":"<p>Evropska komisija (EK) u procjeni ispunjavanja privremenih mjerila u poglavljima 23 i 24 konstatovala je da je Crna Gora, sveukupno, ispunila privremene standarde, dostigla dobar rezultat na nivou uskla\u0111enosti i napreduje u primjeni pravnih tekovina EU, navodi se u dokumentu u koji je TVCG imala uvid.<\/p>\n<p>Diplomate iz dr\u017eava \u010dlanica EU su u skladu sa procjenom EK, izradile nacrt zajedni\u010dke pozicije da je Crna Gora, generalno gledano, ispunila privremene standarde. Tu poziciju treba da usvoje ambasadori dr\u017eava \u010dlanica. O\u010dekuje se da Savjet EU do sredine juna podr\u017ei zajedni\u010dku poziciju, nakon \u010dega bi trebalo da uslijedi Me\u0111uvladina konferencija.<\/p>\n<p>U nacrtu zajedni\u010dke pozicije za poglavlje 23 Komisija konstatuje da su dalji napori i dalje potrebni na svim nivoima, uklju\u010dujuc\u0301i obezbje\u0111ivanje da c\u0301e neophodni administrativni i izvr\u0161ni kapaciteti biti uspostavljeni prije pristupanja, i da se uspostavi solidna evidencija sprovo\u0111enja reformi sa dosljednim, konkretnim i ireverzbilnim rezultatima.<\/p>\n<p>\u201cPitanja od posebnog zna\u010daja ostaju nezavisnost, odgovornost i djelotvornost pravosu\u0111a, dalji konkretni rezultati u efikasnom spre\u010davanju i borbi protiv korupcije, uklju\u010dujuc\u0301i korupciju na visokom nivou, i potpuno po\u0161tovanje i sprovo\u0111enje osnovnih prava i sloboda\u201d, navodi se u dokumentu.<\/p>\n<p>U dijelu koji se odnosi na poglavlje 24 pitanja od posebnog zna\u010daja uklju\u010duju postizanje daljih konkretnih rezultata u efikasnoj borbi protiv organizovanog kriminala, uklju\u010dujuc\u0301i zapljenu i kona\u010dnu konfiskaciju imovine, pranje novca, istrage, saradnju u oblasti zapljene narkotika, uskla\u0111ivanje vizne politike, kontrola spoljnih granica i efikasno upravljanje migracionim tokovima, uklju\u010dujuc\u0301i sistem azila koji dobro funkcioni\u0161e i borbu protiv neregularnih migracija i krivi\u010dno gonjenje i razbijanje mre\u017ea krijum\u010darenja migranata.<\/p>\n<p>U operativnom smislu, Zajedni\u010dka pozicija EU, nakon \u0161to je usaglasi Savjet, postavic\u0301e zavr\u0161na mjerila koja c\u0301e obezbijediti dalje smjernice o radu koji predstoji u ovim poglavljima.<\/p>\n","protected":false},"excerpt":{"rendered":"<p>Evropska komisija (EK) u procjeni ispunjavanja privremenih mjerila u poglavljima 23 i 24 konstatovala je da je Crna Gora, sveukupno, ispunila privremene standarde, dostigla dobar rezultat na nivou uskla\u0111enosti i napreduje u primjeni pravnih tekovina EU, navodi se u dokumentu u koji je TVCG imala uvid.<\/p>\n","protected":false},"author":1,"featured_media":304483,"comment_status":"open","ping_status":"closed","sticky":false,"template":"","format":"standard","meta":{"_seopress_robots_primary_cat":"none","_seopress_titles_title":"","_seopress_titles_desc":"","_seopress_robots_index":"","_et_pb_use_builder":"","_et_pb_old_content":"","_et_gb_content_width":"","inline_featured_image":false,"footnotes":""},"categories":[14],"tags":[],"class_list":["post-403897","post","type-post","status-publish","format-standard","has-post-thumbnail","hentry","category-vijesti"],"_links":{"self":[{"href":"https:\/\/www.pcnen.com\/portal\/wp-json\/wp\/v2\/posts\/403897","targetHints":{"allow":["GET"]}}],"collection":[{"href":"https:\/\/www.pcnen.com\/portal\/wp-json\/wp\/v2\/posts"}],"about":[{"href":"https:\/\/www.pcnen.com\/portal\/wp-json\/wp\/v2\/types\/post"}],"author":[{"embeddable":true,"href":"https:\/\/www.pcnen.com\/portal\/wp-json\/wp\/v2\/users\/1"}],"replies":[{"embeddable":true,"href":"https:\/\/www.pcnen.com\/portal\/wp-json\/wp\/v2\/comments?post=403897"}],"version-history":[{"count":2,"href":"https:\/\/www.pcnen.com\/portal\/wp-json\/wp\/v2\/posts\/403897\/revisions"}],"predecessor-version":[{"id":403901,"href":"https:\/\/www.pcnen.com\/portal\/wp-json\/wp\/v2\/posts\/403897\/revisions\/403901"}],"wp:featuredmedia":[{"embeddable":true,"href":"https:\/\/www.pcnen.com\/portal\/wp-json\/wp\/v2\/media\/304483"}],"wp:attachment":[{"href":"https:\/\/www.pcnen.com\/portal\/wp-json\/wp\/v2\/media?parent=403897"}],"wp:term":[{"taxonomy":"category","embeddable":true,"href":"https:\/\/www.pcnen.com\/portal\/wp-json\/wp\/v2\/categories?post=403897"},{"taxonomy":"post_tag","embeddable":true,"href":"https:\/\/www.pcnen.com\/portal\/wp-json\/wp\/v2\/tags?post=403897"}],"curies":[{"name":"wp","href":"https:\/\/api.w.org\/{rel}","templated":true}]}}