{"id":403891,"date":"2024-06-07T14:39:48","date_gmt":"2024-06-07T12:39:48","guid":{"rendered":"https:\/\/www.pcnen.com\/portal\/?p=403891"},"modified":"2024-06-07T14:42:15","modified_gmt":"2024-06-07T12:42:15","slug":"dps-i-sd-napustili-sjednicu-skupstine","status":"publish","type":"post","link":"https:\/\/www.pcnen.com\/portal\/2024\/06\/07\/dps-i-sd-napustili-sjednicu-skupstine\/","title":{"rendered":"DPS i SD napustili sjednicu Skup\u0161tine"},"content":{"rendered":"<p>Poslanici Demokratske partije socijalista (DPS) i Socijaldemokrata (SD) napustili su sjednicu Skup\u0161tine na kojoj se raspravlja o zakonima potrebnim za dobijanje Izvje\u0161taja o procjeni ispunjenosti privremenih mjerila za poglavlja 23 i 24, jer nije prihva\u0107en njihov zahtjev da ta akta brani ministar pravde Andrej Milovi\u0107.<\/p>\n<p>Vlada je sino\u0107, na elektronskoj sjednici, odlu\u010dila da, umjesto Milovi\u0107a, predstavnik u radu parlamenta prilikom razmatranja predloga izmjena i dopuna Zakona o oduzimanju imovinske koristi ste\u010dene kriminalnom djelatno\u0161\u0107u bude potpredsjednik Momo Koprivica.<\/p>\n<p>To je ura\u0111eno jer je Milovi\u0107 prihvatio amandman Socijaldemokrata na predlog izmjena Zakona o dr\u017eavnom tu\u017eila\u0161tvu bez konsulatacije sa Vladom.<\/p>\n<p>Na dnevnom redu sjednice parlamenta, koja je nastavljena nakon kolegijuma predsjednika Skup\u0161tine, su predlozi izmjena zakona o oduzimanju imovinske koristi ste\u010dene kriminalnom djelatno\u0161\u0107u i o spre\u010davanju korupcije, a poslanici \u0107e danas raspravljati i o medijskim zakonima.<\/p>\n<p>Poslanik SD-a Nikola Zirojevi\u0107 kazao je da su amandmanski djelovali jer su uo\u010dili tehni\u010dku gre\u0161ku, da su u zakonu o sudijama smanjeni kriterijumi sa 60 na 55 bodova potrebnih na pravosudnom ispitu kako bi neko bio kandidat za sudiju, a a da to isto nije ura\u0111eno u zakonu o tu\u017eiocima.<\/p>\n<p>\u201eKako bismo izbjegli diskriminatornu odredbu i bud\u017eet Crne Gore sa\u010duvali od potencijalne \u0161tete koja bi nastala u sudskim postupcima, koji bi sigurno uslijedili, predlo\u017eili smo tehni\u010dku izmjenu, i svi su se saglasili da je ona na mjestu\u201c, rekao je Zirojevi\u0107, prenosi Mina<\/p>\n<p>On je naveo da to nema apsolutno nikakve veze sa Izvje\u0161tajem o procjeni ispunjenosti privremenih mjerila (IBAR) i da to ne mo\u017ee nikako poremetiti dobijanje IBAR-a.<\/p>\n<p>\u201eNe\u0107emo u\u010destvovati u poku\u0161aju disciplinovanja ministara na ovaj na\u010din i svo\u0111enja ministara u Vladi na lutke i pione kojima \u0107e upravljati Milojko Spaji\u0107\u201c, kazao je Zirojevi\u0107.<\/p>\n<p>Poslanik DPS-a Andrija Nikoli\u0107 kazao je da su se u Crnoj Gori tokom posljednja dva tri dana dogodile stvari koje se nikada nijesu doga\u0111ale u istoriji crnogorskog parlamentarizma.<\/p>\n<p>\u201ePrvi put je premijer izdao obavezuju\u0107e uputstvo za ministre, \u0161alju\u0107i time poruku gra\u0111anima da ne vjeruje ministrima, koji ispred Vlade treba da prisustvuju sjedinicama Skup\u0161tine i skup\u0161tinskih odbora\u201c, naveo je Nikoli\u0107.<\/p>\n<p>Prema njegovim rije\u010dima, prvi put se dogodilo da se predstavnik predlaga\u010da mijenja u toku skup\u0161tinske rasprave.<\/p>\n<p>Na ovaj na\u010din, kako je ocijenio Nikoli\u0107, uni\u017eava se parlament i ljudi iz Ministarstva pravde, koji su godinu pripremili zakonska rje\u0161enja.<\/p>\n<p>\u201eDa bi se u igru posljednjeg dana rasprave o zakonima uveo potpredsjednik Vlade, koji na njima nije radio, koji je imao potpuno suprota stanovi\u0161ta povodom Predloga zakona o spre\u010davanju korupcije na radnoj grupi\u201c, naveo je Nikoli\u0107.<\/p>\n<p>On je rekao da na to ne\u0107e pristati.<\/p>\n<p>\u201ePoslanici DPS-a ne\u0107e u\u010destvovati u raspravi koja treba da se dovr\u0161i povodom predloga zakona koji smo zapo\u010deli u \u010detvrtak, ni povdom Predloga izmjena Zakona o spre\u010davanju korupcije, jer smatramo da ovla\u0161\u0107eni predlaga\u010d nije kompetentan i da ne mp\u017ee da odgovori na pitanja koja su postavljena i koja \u0107e se postaviti\u201c, kazao je Nikoli\u0107.<\/p>\n<p>On je rekao da \u0107e u\u010destvovati u raspravi kada na dnevnom redu budu zakoni koji se ti\u010du medijskih sloboda i Javnog servisa.<\/p>\n<p>Poslanik Gra\u0111anskog pokreta URA Filip Ad\u017ei\u0107 kazao je da je, bez obzira na to \u0161to su poslanici opozicije vrlo konstruktivno ukazali na nedosljednost u zakonskim rje\u0161enjima i ispravili tehni\u010dku gre\u0161ku, neko spreman da gazi Ustav i zakon, zarad \u201edisciplinovanja ljudi u svom najbli\u017eem okru\u017eenju\u201c.<\/p>\n<p>Poslanik Hrvatske gra\u0111anske inicijative Adrijan Vuksanovi\u0107 kazao je da nema ni\u0161ta protiv potpredsjednika Vlade Moma Koprivice.<\/p>\n<p>\u201eApelujem da ministar Andrej Milovi\u0107 bude sa nama i da, kao neko ko je relevantan za ovu materiju, danas nastupi i brani zakone, koji su veoma va\u017eni za sve nas, i opoziciju i vlast\u201c, naveo je Vuksanovi\u0107.<\/p>\n<blockquote class=\"wp-embedded-content\" data-secret=\"E5KBxlKc25\"><p><a href=\"https:\/\/www.pcnen.com\/portal\/2024\/06\/07\/skupstina-danas-o-medijskim-i-zakonu-o-sprjecavanju-korupcije-uzivo\/\">Skup\u0161tina danas o medijskim i zakonu o sprje\u010davanju korupcije (u\u017eivo)<\/a><\/p><\/blockquote>\n<p><iframe loading=\"lazy\" class=\"wp-embedded-content\" sandbox=\"allow-scripts\" security=\"restricted\" style=\"position: absolute; clip: rect(1px, 1px, 1px, 1px);\" title=\"&#8220;Skup\u0161tina danas o medijskim i zakonu o sprje\u010davanju korupcije (u\u017eivo)&#8221; &#8212; PCNEN\" src=\"https:\/\/www.pcnen.com\/portal\/2024\/06\/07\/skupstina-danas-o-medijskim-i-zakonu-o-sprjecavanju-korupcije-uzivo\/embed\/#?secret=uHvSq3Jt6R#?secret=E5KBxlKc25\" data-secret=\"E5KBxlKc25\" width=\"600\" height=\"338\" frameborder=\"0\" marginwidth=\"0\" marginheight=\"0\" scrolling=\"no\"><\/iframe><\/p>\n","protected":false},"excerpt":{"rendered":"<p>Poslanici Demokratske partije socijalista (DPS) i Socijaldemokrata (SD) napustili su sjednicu Skup\u0161tine na kojoj se raspravlja o zakonima potrebnim za dobijanje Izvje\u0161taja o procjeni ispunjenosti privremenih mjerila za poglavlja 23 i 24, jer nije prihva\u0107en njihov zahtjev da ta akta brani ministar pravde Andrej Milovi\u0107. Vlada je sino\u0107, na elektronskoj sjednici, odlu\u010dila da, umjesto Milovi\u0107a, [&hellip;]<\/p>\n","protected":false},"author":1,"featured_media":383362,"comment_status":"open","ping_status":"closed","sticky":false,"template":"","format":"standard","meta":{"_seopress_robots_primary_cat":"none","_seopress_titles_title":"","_seopress_titles_desc":"","_seopress_robots_index":"","_et_pb_use_builder":"","_et_pb_old_content":"","_et_gb_content_width":"","inline_featured_image":false,"footnotes":""},"categories":[14],"tags":[],"class_list":["post-403891","post","type-post","status-publish","format-standard","has-post-thumbnail","hentry","category-vijesti"],"_links":{"self":[{"href":"https:\/\/www.pcnen.com\/portal\/wp-json\/wp\/v2\/posts\/403891","targetHints":{"allow":["GET"]}}],"collection":[{"href":"https:\/\/www.pcnen.com\/portal\/wp-json\/wp\/v2\/posts"}],"about":[{"href":"https:\/\/www.pcnen.com\/portal\/wp-json\/wp\/v2\/types\/post"}],"author":[{"embeddable":true,"href":"https:\/\/www.pcnen.com\/portal\/wp-json\/wp\/v2\/users\/1"}],"replies":[{"embeddable":true,"href":"https:\/\/www.pcnen.com\/portal\/wp-json\/wp\/v2\/comments?post=403891"}],"version-history":[{"count":3,"href":"https:\/\/www.pcnen.com\/portal\/wp-json\/wp\/v2\/posts\/403891\/revisions"}],"predecessor-version":[{"id":403896,"href":"https:\/\/www.pcnen.com\/portal\/wp-json\/wp\/v2\/posts\/403891\/revisions\/403896"}],"wp:featuredmedia":[{"embeddable":true,"href":"https:\/\/www.pcnen.com\/portal\/wp-json\/wp\/v2\/media\/383362"}],"wp:attachment":[{"href":"https:\/\/www.pcnen.com\/portal\/wp-json\/wp\/v2\/media?parent=403891"}],"wp:term":[{"taxonomy":"category","embeddable":true,"href":"https:\/\/www.pcnen.com\/portal\/wp-json\/wp\/v2\/categories?post=403891"},{"taxonomy":"post_tag","embeddable":true,"href":"https:\/\/www.pcnen.com\/portal\/wp-json\/wp\/v2\/tags?post=403891"}],"curies":[{"name":"wp","href":"https:\/\/api.w.org\/{rel}","templated":true}]}}