{"id":403835,"date":"2024-06-07T06:21:14","date_gmt":"2024-06-07T04:21:14","guid":{"rendered":"https:\/\/www.pcnen.com\/portal\/?p=403835"},"modified":"2024-06-07T06:21:40","modified_gmt":"2024-06-07T04:21:40","slug":"studentkinje-beogradskog-fpn-pozivaju-na-protest","status":"publish","type":"post","link":"https:\/\/www.pcnen.com\/portal\/2024\/06\/07\/studentkinje-beogradskog-fpn-pozivaju-na-protest\/","title":{"rendered":"Studentkinje beogradskog FPN pozivaju na protest"},"content":{"rendered":"<p>Studentkinje Fakulteta politi\u010dkih nauka u Beogradu pozivaju sve gra\u0111ane\/gra\u0111anke da se pridru\u017ee njihovom dana\u0161njem protestu (petak, 7. juna) u 11:30 ispred Fakulteta politi\u010dkih nauka, zbog odluke Saveta fakulteta da postavi Slavi\u0161u Orlovi\u0107a na mjesto dekana, iako je prijavljen za seksualno uznemiravanje 2014. godine.<\/p>\n<p>\u201eSlavi\u0161u Orlovi\u0107a je 2014. godine studentkinja optu\u017eila za seksualno nasilje. On je tada bio na poziciji prodekana sa koje je kasnije smenjen. Svedo\u010danstva biv\u0161ih i sada\u0161njih studentkinja o nasilju nam govore da je Orlovi\u0107 poznat upravi na\u0161eg fakulteta kao serijski nasilnik\u201c, pi\u0161e u saop\u0161tenju studentkinja Fakulteta politi\u010dkih nauka u Beogradu, <a href=\"https:\/\/www.masina.rs\/necemo-seksualnog-nasilnika-za-dekana-studentkinje-fpn-pozivaju-na-protest\/\" target=\"_blank\" rel=\"noopener\">prenosi<\/a> portal Masina.rs.<\/p>\n<p>\u201eSuprotstaviti se ovome va\u017eno je i zato \u0161to dekan pokre\u0107e svaki disciplinski postupak i donosi kona\u010dnu odluku o sankcionisanju. Drugim re\u010dima, Orlovi\u0107 sa optu\u017eeni\u010dke klupe seda pravo u sudijsku fotelju. Na\u0161 fakultet \u0107e prekr\u0161iti svoju du\u017enost prema nama ako na poziciju dekana potvrdi Slavi\u0161u Orlovi\u0107a\u201c, zaklju\u010duju studetkinje FPN i pozivaju sve gra\u0111ane da im se pridru\u017ee na sutra\u0161njem protestu.<\/p>\n","protected":false},"excerpt":{"rendered":"<p>Studentkinje Fakulteta politi\u010dkih nauka u Beogradu pozivaju sve gra\u0111ane da se pridru\u017ee dana\u0161njem protestu (petak, 7. juna) u 11:30 ispred Fakulteta politi\u010dkih nauka, zbog odluke Saveta fakulteta da postavi Slavi\u0161u Orlovi\u0107a na mjesto dekana, iako je prijavljen za seksualno uznemiravanje 2014. godine.<\/p>\n","protected":false},"author":1,"featured_media":403838,"comment_status":"open","ping_status":"closed","sticky":false,"template":"","format":"standard","meta":{"_seopress_robots_primary_cat":"none","_seopress_titles_title":"","_seopress_titles_desc":"","_seopress_robots_index":"","_et_pb_use_builder":"","_et_pb_old_content":"","_et_gb_content_width":"","inline_featured_image":false,"footnotes":""},"categories":[14],"tags":[],"class_list":["post-403835","post","type-post","status-publish","format-standard","has-post-thumbnail","hentry","category-vijesti"],"_links":{"self":[{"href":"https:\/\/www.pcnen.com\/portal\/wp-json\/wp\/v2\/posts\/403835","targetHints":{"allow":["GET"]}}],"collection":[{"href":"https:\/\/www.pcnen.com\/portal\/wp-json\/wp\/v2\/posts"}],"about":[{"href":"https:\/\/www.pcnen.com\/portal\/wp-json\/wp\/v2\/types\/post"}],"author":[{"embeddable":true,"href":"https:\/\/www.pcnen.com\/portal\/wp-json\/wp\/v2\/users\/1"}],"replies":[{"embeddable":true,"href":"https:\/\/www.pcnen.com\/portal\/wp-json\/wp\/v2\/comments?post=403835"}],"version-history":[{"count":2,"href":"https:\/\/www.pcnen.com\/portal\/wp-json\/wp\/v2\/posts\/403835\/revisions"}],"predecessor-version":[{"id":403840,"href":"https:\/\/www.pcnen.com\/portal\/wp-json\/wp\/v2\/posts\/403835\/revisions\/403840"}],"wp:featuredmedia":[{"embeddable":true,"href":"https:\/\/www.pcnen.com\/portal\/wp-json\/wp\/v2\/media\/403838"}],"wp:attachment":[{"href":"https:\/\/www.pcnen.com\/portal\/wp-json\/wp\/v2\/media?parent=403835"}],"wp:term":[{"taxonomy":"category","embeddable":true,"href":"https:\/\/www.pcnen.com\/portal\/wp-json\/wp\/v2\/categories?post=403835"},{"taxonomy":"post_tag","embeddable":true,"href":"https:\/\/www.pcnen.com\/portal\/wp-json\/wp\/v2\/tags?post=403835"}],"curies":[{"name":"wp","href":"https:\/\/api.w.org\/{rel}","templated":true}]}}