{"id":403720,"date":"2024-06-05T19:38:36","date_gmt":"2024-06-05T17:38:36","guid":{"rendered":"https:\/\/www.pcnen.com\/portal\/?p=403720"},"modified":"2024-06-05T19:38:36","modified_gmt":"2024-06-05T17:38:36","slug":"prvo-obracanje-fica-nakon-ranjavanja-video","status":"publish","type":"post","link":"https:\/\/www.pcnen.com\/portal\/2024\/06\/05\/prvo-obracanje-fica-nakon-ranjavanja-video\/","title":{"rendered":"Prvo obra\u0107anje Fica nakon ranjavanja (video)"},"content":{"rendered":"<p>Slova\u010dki premijer Robert Fico je izjavio da ne osje\u0107a nikakvu mr\u017enju prema osobi koja ga je napala i da planira da se vrati na posao krajem juna ili po\u010detkom jula.<\/p>\n<p>&#8220;Ako sve bude po planu, mogu se postepeno vratiti na posao krajem juna ili po\u010detkom jula&#8221;,\u00a0 rekao je Fico u prvoj video-poruci javnosti nakon poku\u0161aja atentata sredinom maja.<\/p>\n<p>Fico je dodao da ne osje\u0107a mr\u017enju prema \u010dovjeku koji je pucao u njega, ali da mu je zdravlje ozbiljno naru\u0161eno u napadu.<\/p>\n<p>Fico je 15. maja pogo\u0111en sa vi\u0161e metaka iz neposredne blizine dok je pozdravljao svoje pristalice nakon sjednice Vlade u mjestu Handlova. Nakon toga je dva puta operisan.<\/p>\n<p>Naoru\u017eani napada\u010d je optu\u017een za poku\u0161aj ubistva s predumi\u0161ljajem, a slova\u010dki zvani\u010dnici ka\u017eu da je imao politi\u010dki motiv.<\/p>\n<p>&nbsp;<\/p>\n<blockquote class=\"twitter-tweet\">\n<p dir=\"ltr\" lang=\"en\">\ud83d\udea8<a href=\"https:\/\/twitter.com\/hashtag\/BREAKING?src=hash&amp;ref_src=twsrc%5Etfw\">#BREAKING<\/a>: ROBERT FICO\u2019S OFFICIAL ADDRESS AFTER ASSASSINATION ATTEMPT IN SLOVAKIA<\/p>\n<p>\u201cI forgive, and I warn!\u201d <a href=\"https:\/\/t.co\/0GE9lKowY6\">pic.twitter.com\/0GE9lKowY6<\/a><\/p>\n<p>\u2014 The Saviour (@stairwayto3dom) <a href=\"https:\/\/twitter.com\/stairwayto3dom\/status\/1798378785534071142?ref_src=twsrc%5Etfw\">June 5, 2024<\/a><\/p><\/blockquote>\n<p><script async src=\"https:\/\/platform.twitter.com\/widgets.js\" charset=\"utf-8\"><\/script><\/p>\n<blockquote class=\"wp-embedded-content\" data-secret=\"QussmtbnMY\"><p><a href=\"https:\/\/www.pcnen.com\/portal\/2024\/05\/15\/atentat-na-slovackog-premijera-video\/\">Atentat na slova\u010dkog premijera (video)<\/a><\/p><\/blockquote>\n<p><iframe loading=\"lazy\" class=\"wp-embedded-content\" sandbox=\"allow-scripts\" security=\"restricted\" style=\"position: absolute; clip: rect(1px, 1px, 1px, 1px);\" title=\"&#8220;Atentat na slova\u010dkog premijera (video)&#8221; &#8212; PCNEN\" src=\"https:\/\/www.pcnen.com\/portal\/2024\/05\/15\/atentat-na-slovackog-premijera-video\/embed\/#?secret=wcNJyBSTGG#?secret=QussmtbnMY\" data-secret=\"QussmtbnMY\" width=\"600\" height=\"338\" frameborder=\"0\" marginwidth=\"0\" marginheight=\"0\" scrolling=\"no\"><\/iframe><\/p>\n","protected":false},"excerpt":{"rendered":"<p>Slova\u010dki premijer Robert Fico je izjavio da ne osje\u0107a nikakvu mr\u017enju prema osobi koja ga je napala i da planira da se vrati na posao krajem juna ili po\u010detkom jula.<\/p>\n","protected":false},"author":1,"featured_media":0,"comment_status":"open","ping_status":"closed","sticky":false,"template":"","format":"standard","meta":{"_seopress_robots_primary_cat":"none","_seopress_titles_title":"","_seopress_titles_desc":"","_seopress_robots_index":"","_et_pb_use_builder":"","_et_pb_old_content":"","_et_gb_content_width":"","inline_featured_image":false,"footnotes":""},"categories":[14],"tags":[],"class_list":["post-403720","post","type-post","status-publish","format-standard","hentry","category-vijesti"],"_links":{"self":[{"href":"https:\/\/www.pcnen.com\/portal\/wp-json\/wp\/v2\/posts\/403720","targetHints":{"allow":["GET"]}}],"collection":[{"href":"https:\/\/www.pcnen.com\/portal\/wp-json\/wp\/v2\/posts"}],"about":[{"href":"https:\/\/www.pcnen.com\/portal\/wp-json\/wp\/v2\/types\/post"}],"author":[{"embeddable":true,"href":"https:\/\/www.pcnen.com\/portal\/wp-json\/wp\/v2\/users\/1"}],"replies":[{"embeddable":true,"href":"https:\/\/www.pcnen.com\/portal\/wp-json\/wp\/v2\/comments?post=403720"}],"version-history":[{"count":1,"href":"https:\/\/www.pcnen.com\/portal\/wp-json\/wp\/v2\/posts\/403720\/revisions"}],"predecessor-version":[{"id":403723,"href":"https:\/\/www.pcnen.com\/portal\/wp-json\/wp\/v2\/posts\/403720\/revisions\/403723"}],"wp:attachment":[{"href":"https:\/\/www.pcnen.com\/portal\/wp-json\/wp\/v2\/media?parent=403720"}],"wp:term":[{"taxonomy":"category","embeddable":true,"href":"https:\/\/www.pcnen.com\/portal\/wp-json\/wp\/v2\/categories?post=403720"},{"taxonomy":"post_tag","embeddable":true,"href":"https:\/\/www.pcnen.com\/portal\/wp-json\/wp\/v2\/tags?post=403720"}],"curies":[{"name":"wp","href":"https:\/\/api.w.org\/{rel}","templated":true}]}}