{"id":403703,"date":"2024-06-05T16:08:19","date_gmt":"2024-06-05T14:08:19","guid":{"rendered":"https:\/\/www.pcnen.com\/portal\/?p=403703"},"modified":"2024-06-05T16:08:19","modified_gmt":"2024-06-05T14:08:19","slug":"spajic-bez-saglasnosti-vlade-nema-amandmana","status":"publish","type":"post","link":"https:\/\/www.pcnen.com\/portal\/2024\/06\/05\/spajic-bez-saglasnosti-vlade-nema-amandmana\/","title":{"rendered":"Spaji\u0107: Bez saglasnosti Vlade nema amandmana"},"content":{"rendered":"<p>Premijer Milojko Spaji\u0107 informisao je predsjednika Skup\u0161tine Crne Gore Andriju Mandi\u0107a o obavezuju\u0107em uputstvu ministrima u kojem navodi da o svakom amandmanskom djelovanju na zakone koji se odnose na dobijanje IBAR-a moraju obavijestiti Vladu kako bi ih razmotrila, uz prethodnu saglasnost institucija EU.<\/p>\n<p>Spaji\u0107 je, kako RTCG saznaje, u uputstvu naglasio da on li\u010dno i institucije EU moraju biti obavije\u0161teni ukoliko do\u0111e do amandmanskog djelovanja na odboru i plenumu.<\/p>\n<p>Ovakav potez premijera je uslijedio, nakon naznaka da bi pojedini poslanici mogli amandmanima djelovati na zakone, a \u0161to nije dogovoreno sa Evropskom komisijom (EK).<\/p>\n<p>Ovim uputstvom isklju\u010dena je mogu\u0107nost da bilo ko mimo Vlade mo\u017ee dati saglasnost na amandmane.<\/p>\n<p>Vlada je podnijela Skup\u0161tini predloge zakona koje treba \u0161to prije usvojiti, a koji su uslov za dobijanje pozitivnog Izvje\u0161taja o realizaciji privremenih mjerila u poglavljima koja se ti\u010du vladavine prava (IBAR) za Crnu Goru.<\/p>\n<p>Zakoni se odnose na unapre\u0111enje pravosu\u0111a, poja\u010danu borbu protiv organizovanog kriminala i korupcije i medijsku regulativu.<\/p>\n<p>O\u010dekuje se da sredinom juna zemlje \u010dlanice odlu\u010de da li \u0107e podr\u017eati Crnu Goru da dobije IBAR do kraja juna.<\/p>\n<p>IBAR (Interim Benchmark Assessment Report) je ocjena koliko je dr\u017eava kandidat ispunila od privremenih mjerila u poglavljima 23 &#8211; pravosu\u0111e i temeljna prava i 24 &#8211; pravda sloboda i bezbjednost.<\/p>\n<p>Nakon pozitivnog IBAR-a, dr\u017eava dobija zavr\u0161na mjerila Evropske komisije. Njihovim ispunjenjem mogu\u0107e je, uz zatvaranje ostalih, zatvaranje poglavlja 23 i 24, \u0161to ujedno predstavlja i kraj pregovora, pi\u0161e RSE.<\/p>\n<p>Kako je saop\u0161teno iz parlamenta cilj je da svi zakoni, koji su vezani za dobijanje IBAR-a budu usvojeni do kraja radne sedmice 7. juna.<\/p>\n","protected":false},"excerpt":{"rendered":"<p>Premijer Milojko Spaji\u0107 informisao je predsjednika Skup\u0161tine Crne Gore Andriju Mandi\u0107a o obavezuju\u0107em uputstvu ministrima u kojem navodi da o svakom amandmanskom djelovanju na zakone koji se odnose na dobijanje IBAR-a moraju obavijestiti Vladu kako bi ih razmotrila, uz prethodnu saglasnost institucija EU.<\/p>\n","protected":false},"author":1,"featured_media":389588,"comment_status":"open","ping_status":"closed","sticky":false,"template":"","format":"standard","meta":{"_seopress_robots_primary_cat":"none","_seopress_titles_title":"","_seopress_titles_desc":"","_seopress_robots_index":"","_et_pb_use_builder":"","_et_pb_old_content":"","_et_gb_content_width":"","inline_featured_image":false,"footnotes":""},"categories":[14],"tags":[],"class_list":["post-403703","post","type-post","status-publish","format-standard","has-post-thumbnail","hentry","category-vijesti"],"_links":{"self":[{"href":"https:\/\/www.pcnen.com\/portal\/wp-json\/wp\/v2\/posts\/403703","targetHints":{"allow":["GET"]}}],"collection":[{"href":"https:\/\/www.pcnen.com\/portal\/wp-json\/wp\/v2\/posts"}],"about":[{"href":"https:\/\/www.pcnen.com\/portal\/wp-json\/wp\/v2\/types\/post"}],"author":[{"embeddable":true,"href":"https:\/\/www.pcnen.com\/portal\/wp-json\/wp\/v2\/users\/1"}],"replies":[{"embeddable":true,"href":"https:\/\/www.pcnen.com\/portal\/wp-json\/wp\/v2\/comments?post=403703"}],"version-history":[{"count":1,"href":"https:\/\/www.pcnen.com\/portal\/wp-json\/wp\/v2\/posts\/403703\/revisions"}],"predecessor-version":[{"id":403706,"href":"https:\/\/www.pcnen.com\/portal\/wp-json\/wp\/v2\/posts\/403703\/revisions\/403706"}],"wp:featuredmedia":[{"embeddable":true,"href":"https:\/\/www.pcnen.com\/portal\/wp-json\/wp\/v2\/media\/389588"}],"wp:attachment":[{"href":"https:\/\/www.pcnen.com\/portal\/wp-json\/wp\/v2\/media?parent=403703"}],"wp:term":[{"taxonomy":"category","embeddable":true,"href":"https:\/\/www.pcnen.com\/portal\/wp-json\/wp\/v2\/categories?post=403703"},{"taxonomy":"post_tag","embeddable":true,"href":"https:\/\/www.pcnen.com\/portal\/wp-json\/wp\/v2\/tags?post=403703"}],"curies":[{"name":"wp","href":"https:\/\/api.w.org\/{rel}","templated":true}]}}