{"id":403699,"date":"2024-06-05T14:18:17","date_gmt":"2024-06-05T12:18:17","guid":{"rendered":"https:\/\/www.pcnen.com\/portal\/?p=403699"},"modified":"2024-06-05T14:18:17","modified_gmt":"2024-06-05T12:18:17","slug":"mediji-bajdenovo-mentalno-zdravlje-se-pogorsava","status":"publish","type":"post","link":"https:\/\/www.pcnen.com\/portal\/2024\/06\/05\/mediji-bajdenovo-mentalno-zdravlje-se-pogorsava\/","title":{"rendered":"Mediji: Bajdenovo mentalno zdravlje se pogor\u0161ava"},"content":{"rendered":"<p>Predsjednik SAD D\u017eozef Bajden &#8220;iza scene&#8221; pokazuje naznake promijenjivog mentalnog zdravlja, kre\u0107u\u0107i se izme\u0111u energi\u010dnog pona\u0161anja i trenutaka u kojima ga je te\u0161ko razumjeti \u0161ta govori i u kojima koristi bilje\u0161ke sa uputstvima, objavio je list &#8220;Vol strit d\u017eurnal&#8221;, nakon intervjuisanja 45 ljudi koji su radili sa ameri\u010dkim liderom u posljednjih sedam mjeseci.<\/p>\n<p>Ve\u0107ina onih koji su pomenuli pogor\u0161anje mentalnog zdravlja su republikanci, ali i pojedine demokrate ka\u017eu da je Bajden &#8220;u nekoliko prilika pokazao svoju starost&#8221;.<\/p>\n<p>Petoro ljudi koji su upoznati sa sastankom sa liderima Kongresa SAD u Bijeloj ku\u0107i u januaru reklo je da je Bajden tada na trenutke govorio toliko blago da su ga pojedini u\u010desnici jedva \u010duli.<\/p>\n<p>Izvori isti\u010du da je Bajden \u010ditao bilje\u0161ke prilikom izno\u0161enja o\u010diglednih poenti, te da je pravio du\u017ee pauze i ponekad dr\u017eao o\u010di zatvorene toliko dugo da su pojedini od prisutnih pomislili &#8220;da se isklju\u010dio&#8221;.<\/p>\n<p>Biv\u0161i predsjedavaju\u0107i Predstavni\u010dkog doma Kongresa SAD Kevin Mekarti izjavio je da se tokom pro\u0161logodi\u0161njih razgovora o podizanju dr\u017eavnog duga \u010dinilo da se Bajdenovo pona\u0161anje mijenja iz dana u dan, te da je ponekad vodio opu\u0161tene i spontane razgovore sa republikancima, a da je nekada mrmljao i oslanjao se na bilje\u0161ke. Jo\u0161 dva izvora imala su isti utisak, prenio je TASS.<\/p>\n<p>Oni koji su radili sa Bajdenom u periodu kada je bio na funkciji potpredsjednika SAD, opisali su ga kao nekoga ko &#8220;sada djeluje sporije&#8221; i &#8220;ima i dobre i lo\u0161e trenutke&#8221;.<\/p>\n<p>Bijela ku\u0107a ocijenila je sve ove komentare kao politi\u010dki motivisane.<\/p>\n","protected":false},"excerpt":{"rendered":"<p>Predsjednik SAD D\u017eozef Bajden &#8220;iza scene&#8221; pokazuje naznake promijenjivog mentalnog zdravlja, kre\u0107u\u0107i se izme\u0111u energi\u010dnog pona\u0161anja i trenutaka u kojima ga je te\u0161ko razumjeti \u0161ta govori i u kojima koristi bilje\u0161ke sa uputstvima, objavio je list &#8220;Vol strit d\u017eurnal&#8221;, nakon intervjuisanja 45 ljudi koji su radili sa ameri\u010dkim liderom u posljednjih sedam mjeseci.<\/p>\n","protected":false},"author":1,"featured_media":306831,"comment_status":"open","ping_status":"closed","sticky":false,"template":"","format":"standard","meta":{"_seopress_robots_primary_cat":"none","_seopress_titles_title":"","_seopress_titles_desc":"","_seopress_robots_index":"","_et_pb_use_builder":"","_et_pb_old_content":"","_et_gb_content_width":"","inline_featured_image":false,"footnotes":""},"categories":[14],"tags":[],"class_list":["post-403699","post","type-post","status-publish","format-standard","has-post-thumbnail","hentry","category-vijesti"],"_links":{"self":[{"href":"https:\/\/www.pcnen.com\/portal\/wp-json\/wp\/v2\/posts\/403699","targetHints":{"allow":["GET"]}}],"collection":[{"href":"https:\/\/www.pcnen.com\/portal\/wp-json\/wp\/v2\/posts"}],"about":[{"href":"https:\/\/www.pcnen.com\/portal\/wp-json\/wp\/v2\/types\/post"}],"author":[{"embeddable":true,"href":"https:\/\/www.pcnen.com\/portal\/wp-json\/wp\/v2\/users\/1"}],"replies":[{"embeddable":true,"href":"https:\/\/www.pcnen.com\/portal\/wp-json\/wp\/v2\/comments?post=403699"}],"version-history":[{"count":1,"href":"https:\/\/www.pcnen.com\/portal\/wp-json\/wp\/v2\/posts\/403699\/revisions"}],"predecessor-version":[{"id":403702,"href":"https:\/\/www.pcnen.com\/portal\/wp-json\/wp\/v2\/posts\/403699\/revisions\/403702"}],"wp:featuredmedia":[{"embeddable":true,"href":"https:\/\/www.pcnen.com\/portal\/wp-json\/wp\/v2\/media\/306831"}],"wp:attachment":[{"href":"https:\/\/www.pcnen.com\/portal\/wp-json\/wp\/v2\/media?parent=403699"}],"wp:term":[{"taxonomy":"category","embeddable":true,"href":"https:\/\/www.pcnen.com\/portal\/wp-json\/wp\/v2\/categories?post=403699"},{"taxonomy":"post_tag","embeddable":true,"href":"https:\/\/www.pcnen.com\/portal\/wp-json\/wp\/v2\/tags?post=403699"}],"curies":[{"name":"wp","href":"https:\/\/api.w.org\/{rel}","templated":true}]}}