{"id":403695,"date":"2024-06-05T14:13:07","date_gmt":"2024-06-05T12:13:07","guid":{"rendered":"https:\/\/www.pcnen.com\/portal\/?p=403695"},"modified":"2024-06-05T14:13:07","modified_gmt":"2024-06-05T12:13:07","slug":"otvoreno-pismo-ifj-i-efj-crnogorskim-poslanicima","status":"publish","type":"post","link":"https:\/\/www.pcnen.com\/portal\/2024\/06\/05\/otvoreno-pismo-ifj-i-efj-crnogorskim-poslanicima\/","title":{"rendered":"Otvoreno pismo IFJ I EFJ crnogorskim poslanicima"},"content":{"rendered":"<p>Me\u0111unarodna i Evropska federacija novinara (IFJ-EFJ) i Sindikat medija Crne Gore (SMCG) uputili su otvoreno pismo poslanicima u crnogorskoj Skup\u0161tini, navode\u0107i da izra\u017eavaju ozbiljnu zabrinutost zbog su\u0161tinskih izmjena nacrta Zakona o nacionalnom javnom emiteru u Crnoj Gori u posljednjem trenutku, saop\u0161teno je iz SMCG.<\/p>\n<p>U otvorenom pismu se navodi da je Kabinet premijera Milojka Spaji\u0107a izmijenio dogovoreni tekst zakona, na kojem je radna grupa za medijsko zakonodavstvo radila skoro 30 mjeseci, bez javne rasprave.<\/p>\n<p>Dodali su da postoje informacije da nije bilo ni adekvatnog dijaloga sa relevantnim ministarstvom.<\/p>\n<p>Pozvali na poja\u0161njenje razloga za izmjenu i apelovali na vlasti da obezbijede da se tekst izmijeni &#8220;kako bi se omogu\u0107ila profesionalizacija rukovode\u0107e strukture Javnog servisa i garantovalo normalno funkcionisanje medijskog sektora&#8221;.<\/p>\n<p>&#8220;Klju\u010dne izmjene zakona odnose se na smanjenje kriterijuma za generalnog direktora sa dosada\u0161njih 10 na pet godina iskustva, kao i dozvoljavanje ogla\u0161avanja u udarnom terminu za nacionalnog emitera, koji je u potpunosti zavistan od dr\u017eavnog finansiranja&#8221;, pi\u0161e u pismu, prenose Vijesti.<\/p>\n<p>Kazali su da je takav potez Spaji\u0107evog kabineta neobja\u0161njiv, s obzirom na to da je, navode, po\u010detna namjera izmjena zakona bila upravo pove\u0107anje kriterijuma za rukovode\u0107e strukture u Javnom servisu.<\/p>\n<p>Poru\u010dili su da uvo\u0111enje mogu\u0107nosti dodatnih prihoda za Javni servis, bez prethodne korekcije bud\u017eeta koji obezbje\u0111uje dr\u017eava, &#8220;uvodi nelojalnu konkurenciju u medijski sektor i dovodi u pitanje odr\u017eivost medija&#8221;.<\/p>\n<p>&#8220;Iako su medijski zakoni dio tzv. Paketa za ocjenu privremenih mjerila (IBAR), sna\u017eno vjerujemo da svaka su\u0161tinska reforma treba da omogu\u0107i efikasnu vladavinu prava i prioritizuje zastupanje javnog interesa. Takve su\u0161tinske promjene \u0107e imati zna\u010dajan uticaj na medijski sistem i ne\u0107e se lako ispraviti naknadnim zakonodavnim promjenama&#8221;, zaklju\u010duje se u pismu.<\/p>\n","protected":false},"excerpt":{"rendered":"<p>Me\u0111unarodna i Evropska federacija novinara (IFJ-EFJ) i Sindikat medija Crne Gore (SMCG) uputili su otvoreno pismo poslanicima u crnogorskoj Skup\u0161tini, navode\u0107i da izra\u017eavaju ozbiljnu zabrinutost zbog su\u0161tinskih izmjena nacrta Zakona o nacionalnom javnom emiteru u Crnoj Gori u posljednjem trenutku, saop\u0161teno je iz SMCG.<\/p>\n","protected":false},"author":1,"featured_media":297336,"comment_status":"open","ping_status":"closed","sticky":false,"template":"","format":"standard","meta":{"_seopress_robots_primary_cat":"none","_seopress_titles_title":"","_seopress_titles_desc":"","_seopress_robots_index":"","_et_pb_use_builder":"","_et_pb_old_content":"","_et_gb_content_width":"","inline_featured_image":false,"footnotes":""},"categories":[14],"tags":[],"class_list":["post-403695","post","type-post","status-publish","format-standard","has-post-thumbnail","hentry","category-vijesti"],"_links":{"self":[{"href":"https:\/\/www.pcnen.com\/portal\/wp-json\/wp\/v2\/posts\/403695","targetHints":{"allow":["GET"]}}],"collection":[{"href":"https:\/\/www.pcnen.com\/portal\/wp-json\/wp\/v2\/posts"}],"about":[{"href":"https:\/\/www.pcnen.com\/portal\/wp-json\/wp\/v2\/types\/post"}],"author":[{"embeddable":true,"href":"https:\/\/www.pcnen.com\/portal\/wp-json\/wp\/v2\/users\/1"}],"replies":[{"embeddable":true,"href":"https:\/\/www.pcnen.com\/portal\/wp-json\/wp\/v2\/comments?post=403695"}],"version-history":[{"count":1,"href":"https:\/\/www.pcnen.com\/portal\/wp-json\/wp\/v2\/posts\/403695\/revisions"}],"predecessor-version":[{"id":403698,"href":"https:\/\/www.pcnen.com\/portal\/wp-json\/wp\/v2\/posts\/403695\/revisions\/403698"}],"wp:featuredmedia":[{"embeddable":true,"href":"https:\/\/www.pcnen.com\/portal\/wp-json\/wp\/v2\/media\/297336"}],"wp:attachment":[{"href":"https:\/\/www.pcnen.com\/portal\/wp-json\/wp\/v2\/media?parent=403695"}],"wp:term":[{"taxonomy":"category","embeddable":true,"href":"https:\/\/www.pcnen.com\/portal\/wp-json\/wp\/v2\/categories?post=403695"},{"taxonomy":"post_tag","embeddable":true,"href":"https:\/\/www.pcnen.com\/portal\/wp-json\/wp\/v2\/tags?post=403695"}],"curies":[{"name":"wp","href":"https:\/\/api.w.org\/{rel}","templated":true}]}}