{"id":403687,"date":"2024-06-05T10:46:22","date_gmt":"2024-06-05T08:46:22","guid":{"rendered":"https:\/\/www.pcnen.com\/portal\/?p=403687"},"modified":"2024-06-05T10:46:22","modified_gmt":"2024-06-05T08:46:22","slug":"goldstajn-na-tabli-u-%d1%98asenovcu-vise-nema-rijeci-holokaust","status":"publish","type":"post","link":"https:\/\/www.pcnen.com\/portal\/2024\/06\/05\/goldstajn-na-tabli-u-%d1%98asenovcu-vise-nema-rijeci-holokaust\/","title":{"rendered":"Gold\u0161tajn: Na tabli u \u0408asenovcu vi\u0161e nema rije\u010di Holokaust"},"content":{"rendered":"<p>Sje\u0107anja na strahote Holokausta danas ima sve manje, a termin Holokaust u \u0408asenovcu je zamijenjen terminom &#8220;masovni zlo\u010din&#8221;, ka\u017ee hrvatski istori\u010dar Ivo Gold\u0161tajn i isti\u010de da se smatralo da je pod ratove crta podvu\u010dena i da je revizionizam oti\u0161ao u istoriju.&#8221;<\/p>\n<p>Do\u0161lo je novo vrijeme s jo\u0161 manje sje\u0107anja. Godine 2001., nakon \u0161to smo podvukli crtu pod ratove i re\u017eim iz 90-ih, smatrali smo da je revizionizam oti\u0161ao u istoriju. Mislili smo da stvari idu ka svom smirenju i da \u0107e se Holokaust mo\u0107i u Zagrebu etablirati kao \u010dinjenica&#8221;, rekao je Gold\u0161tajn sino\u0107 na promociji drugog izdana knjige &#8220;Holokaust u Zagrebu&#8221;.<\/p>\n<p>To je ujedno bio i odgovor Gold\u0161tajna na pitanje za\u0161to se nakon gotovo \u010detvrt veka od izlaska prvog odlu\u010dio na drugo izdanje knjige, \u010diji su autori njegov otac Slavko i on.<\/p>\n<p>2Kad je knjiga prvi put iza\u0161la, bilo je puno pohvala, ali i negiranja, ru\u017enih i neumesnih komentara, pri\u010da da se Holokaust nije doga\u0111ao u Zagrebu nego negde drugde2,\u00a0 kazao je Gold\u0161tajn.<\/p>\n<p>Isti\u010de da nije verovao da \u0107e u budu\u0107nosti termin &#8220;Holokaust&#8221; biti zamenjen nekim drugim, ali je do toga ipak do\u0161lo.<\/p>\n<p>&#8220;Me\u0111utim, od pro\u0161le godine u \u0408asenovcu, na tabli koju je neko instalirao za vrijeme (hrvatskog) predsjedavanja Me\u0111unarodnim savezom za sje\u0107anje na Holokaust, nema vi\u0161e termina &#8220;Holokaust&#8221; za \u0408evreje nego samo &#8220;masovni zlo\u010din&#8221;, naveo je Gold\u0161tajn i dodao da je to zapravo eufemizam koji je apsolutno neprihvatljiv, prenijela je Hina.<\/p>\n","protected":false},"excerpt":{"rendered":"<p>Sje\u0107anja na strahote Holokausta danas ima sve manje, a termin Holokaust u \u0408asenovcu je zamijenjen terminom &#8220;masovni zlo\u010din&#8221;, ka\u017ee hrvatski istori\u010dar Ivo Gold\u0161tajn i isti\u010de da se smatralo da je pod ratove crta podvu\u010dena i da je revizionizam oti\u0161ao u istoriju.&#8221;<\/p>\n","protected":false},"author":1,"featured_media":283323,"comment_status":"open","ping_status":"closed","sticky":false,"template":"","format":"standard","meta":{"_seopress_robots_primary_cat":"none","_seopress_titles_title":"","_seopress_titles_desc":"","_seopress_robots_index":"","_et_pb_use_builder":"","_et_pb_old_content":"","_et_gb_content_width":"","inline_featured_image":false,"footnotes":""},"categories":[14],"tags":[],"class_list":["post-403687","post","type-post","status-publish","format-standard","has-post-thumbnail","hentry","category-vijesti"],"_links":{"self":[{"href":"https:\/\/www.pcnen.com\/portal\/wp-json\/wp\/v2\/posts\/403687","targetHints":{"allow":["GET"]}}],"collection":[{"href":"https:\/\/www.pcnen.com\/portal\/wp-json\/wp\/v2\/posts"}],"about":[{"href":"https:\/\/www.pcnen.com\/portal\/wp-json\/wp\/v2\/types\/post"}],"author":[{"embeddable":true,"href":"https:\/\/www.pcnen.com\/portal\/wp-json\/wp\/v2\/users\/1"}],"replies":[{"embeddable":true,"href":"https:\/\/www.pcnen.com\/portal\/wp-json\/wp\/v2\/comments?post=403687"}],"version-history":[{"count":1,"href":"https:\/\/www.pcnen.com\/portal\/wp-json\/wp\/v2\/posts\/403687\/revisions"}],"predecessor-version":[{"id":403690,"href":"https:\/\/www.pcnen.com\/portal\/wp-json\/wp\/v2\/posts\/403687\/revisions\/403690"}],"wp:featuredmedia":[{"embeddable":true,"href":"https:\/\/www.pcnen.com\/portal\/wp-json\/wp\/v2\/media\/283323"}],"wp:attachment":[{"href":"https:\/\/www.pcnen.com\/portal\/wp-json\/wp\/v2\/media?parent=403687"}],"wp:term":[{"taxonomy":"category","embeddable":true,"href":"https:\/\/www.pcnen.com\/portal\/wp-json\/wp\/v2\/categories?post=403687"},{"taxonomy":"post_tag","embeddable":true,"href":"https:\/\/www.pcnen.com\/portal\/wp-json\/wp\/v2\/tags?post=403687"}],"curies":[{"name":"wp","href":"https:\/\/api.w.org\/{rel}","templated":true}]}}