{"id":403676,"date":"2024-06-05T10:22:33","date_gmt":"2024-06-05T08:22:33","guid":{"rendered":"https:\/\/www.pcnen.com\/portal\/?p=403676"},"modified":"2024-06-05T10:23:20","modified_gmt":"2024-06-05T08:23:20","slug":"vujanovic-podrzao-markovica","status":"publish","type":"post","link":"https:\/\/www.pcnen.com\/portal\/2024\/06\/05\/vujanovic-podrzao-markovica\/","title":{"rendered":"Vujanovi\u0107 podr\u017eao Markovi\u0107a"},"content":{"rendered":"<p>Jedan od \u010dlanova nove partije na \u010dijem osnivanju ovih dana uveliko radi biv\u0161i premijer Crne Gore, Du\u0161ko Markovi\u0107, bi\u0107e i nekada\u0161nji predsjednik dr\u017eave i njegov doju\u010dera\u0161nji partijski kolega iz Demokratske partije socijalista (DPS), Filip Vujanovi\u0107.<\/p>\n<p>Kako PRESS nezvani\u010dno saznaje, Vujanovi\u0107 \u0107e biti \u010dlan Markovi\u0107eve Evropske reformske stranke (ERF), ali ne i, kao nekad u DPS-u, aktivan funkcioner.<\/p>\n<p>Podsje\u0107amo, biv\u0161i premijer Du\u0161ko Markovi\u0107 trebalo bi narednih\u00a0dana i zvani\u010dno da predstavi program politi\u010dke\u00a0stranke na \u010dijem \u0107e \u010delu biti. &#8220;Vijesti&#8221; su ranije objavile da \u0107e dio partije biti biv\u0161a ministarka nauke u 41. Vladi, fizi\u010darka\u00a0Sanja Damjanovi\u0107.<br \/>\nU stranci \u0107e navodno biti oko 50 \u010dlanova, uglavnom osoba koje do sada nisu bile prepoznate kao partijski ljudi.<\/p>\n<p>Markovi\u0107 je krajem pro\u0161le godine najavio osnivanje stranke ocjenjuju\u0107i da se budu\u0107nost Crne\u00a0Gore nalazi pred ponorom.<br \/>\n&#8211; Ne samo da razmi\u0161ljam da formiram stranku, nego i \u0161ta sve treba uraditi u evropskom i gra\u0111anskom bloku da bi se konsolidovali i da bi Crna Gora iza\u0161la iz ovog permanentog rizika ponora koji je otvoren pred njenom budu\u0107no\u0161\u0107u- kazao je tada Markovi\u0107.<\/p>\n<p>&nbsp;<\/p>\n<blockquote class=\"wp-embedded-content\" data-secret=\"8FyL80qJKf\"><p><a href=\"https:\/\/www.pcnen.com\/portal\/2024\/06\/03\/markovic-osniva-stranku-dao-ostavku-u-dps\/\">Markovi\u0107 osniva stranku, dao ostavku u DPS<\/a><\/p><\/blockquote>\n<p><iframe loading=\"lazy\" class=\"wp-embedded-content\" sandbox=\"allow-scripts\" security=\"restricted\" style=\"position: absolute; clip: rect(1px, 1px, 1px, 1px);\" title=\"&#8220;Markovi\u0107 osniva stranku, dao ostavku u DPS&#8221; &#8212; PCNEN\" src=\"https:\/\/www.pcnen.com\/portal\/2024\/06\/03\/markovic-osniva-stranku-dao-ostavku-u-dps\/embed\/#?secret=ecSpVve7Oe#?secret=8FyL80qJKf\" data-secret=\"8FyL80qJKf\" width=\"600\" height=\"338\" frameborder=\"0\" marginwidth=\"0\" marginheight=\"0\" scrolling=\"no\"><\/iframe><\/p>\n","protected":false},"excerpt":{"rendered":"<p>Jedan od \u010dlanova nove partije na \u010dijem osnivanju ovih dana uveliko radi biv\u0161i premijer Crne Gore, Du\u0161ko Markovi\u0107, bi\u0107e i nekada\u0161nji predsjednik dr\u017eave i njegov doju\u010dera\u0161nji partijski kolega iz Demokratske partije socijalista (DPS), Filip Vujanovi\u0107.<\/p>\n","protected":false},"author":1,"featured_media":403679,"comment_status":"open","ping_status":"closed","sticky":false,"template":"","format":"standard","meta":{"_seopress_robots_primary_cat":"none","_seopress_titles_title":"","_seopress_titles_desc":"","_seopress_robots_index":"","_et_pb_use_builder":"","_et_pb_old_content":"","_et_gb_content_width":"","inline_featured_image":false,"footnotes":""},"categories":[14],"tags":[],"class_list":["post-403676","post","type-post","status-publish","format-standard","has-post-thumbnail","hentry","category-vijesti"],"_links":{"self":[{"href":"https:\/\/www.pcnen.com\/portal\/wp-json\/wp\/v2\/posts\/403676","targetHints":{"allow":["GET"]}}],"collection":[{"href":"https:\/\/www.pcnen.com\/portal\/wp-json\/wp\/v2\/posts"}],"about":[{"href":"https:\/\/www.pcnen.com\/portal\/wp-json\/wp\/v2\/types\/post"}],"author":[{"embeddable":true,"href":"https:\/\/www.pcnen.com\/portal\/wp-json\/wp\/v2\/users\/1"}],"replies":[{"embeddable":true,"href":"https:\/\/www.pcnen.com\/portal\/wp-json\/wp\/v2\/comments?post=403676"}],"version-history":[{"count":2,"href":"https:\/\/www.pcnen.com\/portal\/wp-json\/wp\/v2\/posts\/403676\/revisions"}],"predecessor-version":[{"id":403681,"href":"https:\/\/www.pcnen.com\/portal\/wp-json\/wp\/v2\/posts\/403676\/revisions\/403681"}],"wp:featuredmedia":[{"embeddable":true,"href":"https:\/\/www.pcnen.com\/portal\/wp-json\/wp\/v2\/media\/403679"}],"wp:attachment":[{"href":"https:\/\/www.pcnen.com\/portal\/wp-json\/wp\/v2\/media?parent=403676"}],"wp:term":[{"taxonomy":"category","embeddable":true,"href":"https:\/\/www.pcnen.com\/portal\/wp-json\/wp\/v2\/categories?post=403676"},{"taxonomy":"post_tag","embeddable":true,"href":"https:\/\/www.pcnen.com\/portal\/wp-json\/wp\/v2\/tags?post=403676"}],"curies":[{"name":"wp","href":"https:\/\/api.w.org\/{rel}","templated":true}]}}