{"id":403649,"date":"2024-06-04T21:06:58","date_gmt":"2024-06-04T19:06:58","guid":{"rendered":"https:\/\/www.pcnen.com\/portal\/?p=403649"},"modified":"2024-06-04T21:10:35","modified_gmt":"2024-06-04T19:10:35","slug":"grafit-koji-negira-genocid-u-srebrenici-u-centru-beograda","status":"publish","type":"post","link":"https:\/\/www.pcnen.com\/portal\/2024\/06\/04\/grafit-koji-negira-genocid-u-srebrenici-u-centru-beograda\/","title":{"rendered":"Grafit koji negira genocid u Srebrenici u centru Beograda"},"content":{"rendered":"<p>U centru Beograda je osvanuo veliki grafit na kojem na engleskom jeziku pi\u0161e &#8220;Jedini genocid na Balkanu bio je nad Srbima&#8221;.<\/p>\n<p>Grafit je oslikan na zgradi u Knez Mihailovoj ulici u strogom centru grada,<a href=\"https:\/\/www.slobodnaevropa.org\/a\/srebrenica-grafit-genocid-srbija\/32979146.html\"> prenosi RSE.<\/a><\/p>\n<p>Ispod slova na crnoj pozadini potpisana je ultradesni\u010darska grupa &#8220;Narodna patrola&#8221;.<\/p>\n<p>Na Telegram kanalu ove neregistrovane organizacije je 30. maja objavljen video grafita uz poruku &#8220;Pamtimo, molimo se. Mnogi drugi nek se stide&#8221;.<\/p>\n<p>Grafit se pojavio nakon \u0161to je u Ujedinjenim nacijama 23. maja usvojena Rezolucija kojom se 11. jul progla\u0161ava Me\u0111unarodnim danom se\u0107anja na genocid u Srebrenici.<\/p>\n<p>&#8220;Narodna patrola&#8221; poznata je po veli\u010danju Ratka Mladi\u0107a koji je u Hagu osu\u0111en za genocid u Srebrenici, organizaciji protesta podr\u0161ke Rusiji nakon njene invazije na Ukrajinu i napadima na izbeglice i migrante.<\/p>\n<p>Popularnost stekli na Telegramu i pozivaju se na veze s Vagnerom i Rusijom. Kako je nastala &#8220;Narodna patrola&#8221;?<\/p>\n<p>Uprkos presudama me\u0111unarodnih sudova, zvani\u010dni Beograd i vlasti Republike Srpske negiraju da je u Srebrenici u julu 1995. godine po\u010dinjen genocid nad Bo\u0161njacima ve\u0107 govore o &#8220;stra\u0161nom zlo\u010dinu&#8221;.<\/p>\n<p>Za genocid nad najmanje 8.372 Bo\u0161njaka i druge ratne zlo\u010dine u srebreni\u010dkom regionu, vi\u0161e od 50 osoba je osu\u0111eno na oko 700 godina zatvora.<\/p>\n<p>Presudama su, pored ostalih, na do\u017eivotne zatvorske kazne osu\u0111eni Radovan Karad\u017ei\u0107, ratni predsjednik bosanskohercegova\u010dkog entiteta Republika Srpska, i glavni komandant Vojske Republike Srpske, Ratko Mladi\u0107.<\/p>\n","protected":false},"excerpt":{"rendered":"<p>U centru Beograda je osvanuo veliki grafit na kojem na engleskom jeziku pi\u0161e &#8220;Jedini genocid na Balkanu bio je nad Srbima&#8221;.<\/p>\n","protected":false},"author":1,"featured_media":403652,"comment_status":"open","ping_status":"closed","sticky":false,"template":"","format":"standard","meta":{"_seopress_robots_primary_cat":"none","_seopress_titles_title":"","_seopress_titles_desc":"","_seopress_robots_index":"","_et_pb_use_builder":"","_et_pb_old_content":"","_et_gb_content_width":"","inline_featured_image":false,"footnotes":""},"categories":[14],"tags":[],"class_list":["post-403649","post","type-post","status-publish","format-standard","has-post-thumbnail","hentry","category-vijesti"],"_links":{"self":[{"href":"https:\/\/www.pcnen.com\/portal\/wp-json\/wp\/v2\/posts\/403649","targetHints":{"allow":["GET"]}}],"collection":[{"href":"https:\/\/www.pcnen.com\/portal\/wp-json\/wp\/v2\/posts"}],"about":[{"href":"https:\/\/www.pcnen.com\/portal\/wp-json\/wp\/v2\/types\/post"}],"author":[{"embeddable":true,"href":"https:\/\/www.pcnen.com\/portal\/wp-json\/wp\/v2\/users\/1"}],"replies":[{"embeddable":true,"href":"https:\/\/www.pcnen.com\/portal\/wp-json\/wp\/v2\/comments?post=403649"}],"version-history":[{"count":3,"href":"https:\/\/www.pcnen.com\/portal\/wp-json\/wp\/v2\/posts\/403649\/revisions"}],"predecessor-version":[{"id":403655,"href":"https:\/\/www.pcnen.com\/portal\/wp-json\/wp\/v2\/posts\/403649\/revisions\/403655"}],"wp:featuredmedia":[{"embeddable":true,"href":"https:\/\/www.pcnen.com\/portal\/wp-json\/wp\/v2\/media\/403652"}],"wp:attachment":[{"href":"https:\/\/www.pcnen.com\/portal\/wp-json\/wp\/v2\/media?parent=403649"}],"wp:term":[{"taxonomy":"category","embeddable":true,"href":"https:\/\/www.pcnen.com\/portal\/wp-json\/wp\/v2\/categories?post=403649"},{"taxonomy":"post_tag","embeddable":true,"href":"https:\/\/www.pcnen.com\/portal\/wp-json\/wp\/v2\/tags?post=403649"}],"curies":[{"name":"wp","href":"https:\/\/api.w.org\/{rel}","templated":true}]}}