{"id":403636,"date":"2024-06-04T17:26:14","date_gmt":"2024-06-04T15:26:14","guid":{"rendered":"https:\/\/www.pcnen.com\/portal\/?p=403636"},"modified":"2024-06-04T17:26:14","modified_gmt":"2024-06-04T15:26:14","slug":"nvo-pitaju-ministarku-zasto-jos-uvijek-nije-regulisan-status-civilnih-zrtava-rata","status":"publish","type":"post","link":"https:\/\/www.pcnen.com\/portal\/2024\/06\/04\/nvo-pitaju-ministarku-zasto-jos-uvijek-nije-regulisan-status-civilnih-zrtava-rata\/","title":{"rendered":"NVO pitaju ministarku: Za\u0161to jo\u0161 uvijek nije regulisan status civilnih \u017ertava rata?"},"content":{"rendered":"<p>Pet nevladinih organizacija je saop\u0161tilo da su ju\u010de uputili zahtjev ministarki rada i socijalnog staranja Naidi Ni\u0161i\u0107 &#8220;da javnost upozna sa razlozima ve\u0107 tromjese\u010dnog ka\u0161njenja njenog resora u izradi Predloga zakona o izmjenama i dopunama Zakona o bora\u010dkoj i invalidskoj za\u0161titi&#8221;.<\/p>\n<p>NVO podsje\u0107aju na to da je raniji predlog zakona \u2013 kojim su se civilnim \u017ertvama rata smatrale samo \u017ertve oru\u017eanog sukoba sa NATO u Crnoj Gori, a ne i one iz Crne Gore koje su stradale od oru\u017eanih sukoba u Hrvatskoj, Bosni i Hercegovini ili na Kosovu \u2013 kritikovan je od strane Evropskog parlamenta kao selektivan.<\/p>\n<p>Poslije protesta koji su organizovali Akcija za ljudska prava (HRA) i Udru\u017eenje \u201c\u0160trpci \u2013 Protiv zaborava\u201d 29. decembra pro\u0161le godine, a koji su podr\u017eale i druge nevladine organizacije i pojedinci, taj predlog zakona je povu\u010den iz procedure, a Ministarstvo rada i socijalnog staranja bilo je zadu\u017eeno da najkasnije do 1. marta 2024. godine izradi novi prijedlog teksta koji bi obuhvatio sve civilne \u017ertve.<\/p>\n<p>NVO cijene da je regulisanje statusa civilnih \u017ertava ratova jedno je od klju\u010dnih pitanja za suo\u010davanje sa pro\u0161lo\u0161\u0107u i nastavi\u0107emo se zalagati da se ovo pitanje rije\u0161i na na\u010din koji nikoga ne diskrimini\u0161e.<\/p>\n<p>Zahtjev su uputile Akcija za ljudska prava (HRA), Udruz\u030cenje \u201c\u0160trpci \u2013 Protiv zaborava\u201d, Centar za gra\u0111ansko obrazovanje, Centar za z\u030censko i mirovno obrazovanje ANIMA i Crnogorski komitet pravnika za ljudska prava.<\/p>\n","protected":false},"excerpt":{"rendered":"<p>Pet nevladinih organizacija je saop\u0161tilo da su ju\u010de uputili zahtjev ministarki rada i socijalnog staranja Naidi Ni\u0161i\u0107 &#8220;da javnost upozna sa razlozima ve\u0107 tromjese\u010dnog ka\u0161njenja njenog resora u izradi Predloga zakona o izmjenama i dopunama Zakona o bora\u010dkoj i invalidskoj za\u0161titi&#8221;<\/p>\n","protected":false},"author":1,"featured_media":299956,"comment_status":"open","ping_status":"closed","sticky":false,"template":"","format":"standard","meta":{"_seopress_robots_primary_cat":"none","_seopress_titles_title":"","_seopress_titles_desc":"","_seopress_robots_index":"","_et_pb_use_builder":"","_et_pb_old_content":"","_et_gb_content_width":"","inline_featured_image":false,"footnotes":""},"categories":[14],"tags":[],"class_list":["post-403636","post","type-post","status-publish","format-standard","has-post-thumbnail","hentry","category-vijesti"],"_links":{"self":[{"href":"https:\/\/www.pcnen.com\/portal\/wp-json\/wp\/v2\/posts\/403636","targetHints":{"allow":["GET"]}}],"collection":[{"href":"https:\/\/www.pcnen.com\/portal\/wp-json\/wp\/v2\/posts"}],"about":[{"href":"https:\/\/www.pcnen.com\/portal\/wp-json\/wp\/v2\/types\/post"}],"author":[{"embeddable":true,"href":"https:\/\/www.pcnen.com\/portal\/wp-json\/wp\/v2\/users\/1"}],"replies":[{"embeddable":true,"href":"https:\/\/www.pcnen.com\/portal\/wp-json\/wp\/v2\/comments?post=403636"}],"version-history":[{"count":1,"href":"https:\/\/www.pcnen.com\/portal\/wp-json\/wp\/v2\/posts\/403636\/revisions"}],"predecessor-version":[{"id":403639,"href":"https:\/\/www.pcnen.com\/portal\/wp-json\/wp\/v2\/posts\/403636\/revisions\/403639"}],"wp:featuredmedia":[{"embeddable":true,"href":"https:\/\/www.pcnen.com\/portal\/wp-json\/wp\/v2\/media\/299956"}],"wp:attachment":[{"href":"https:\/\/www.pcnen.com\/portal\/wp-json\/wp\/v2\/media?parent=403636"}],"wp:term":[{"taxonomy":"category","embeddable":true,"href":"https:\/\/www.pcnen.com\/portal\/wp-json\/wp\/v2\/categories?post=403636"},{"taxonomy":"post_tag","embeddable":true,"href":"https:\/\/www.pcnen.com\/portal\/wp-json\/wp\/v2\/tags?post=403636"}],"curies":[{"name":"wp","href":"https:\/\/api.w.org\/{rel}","templated":true}]}}