{"id":403580,"date":"2024-06-04T12:53:06","date_gmt":"2024-06-04T10:53:06","guid":{"rendered":"https:\/\/www.pcnen.com\/portal\/?p=403580"},"modified":"2024-06-04T12:57:53","modified_gmt":"2024-06-04T10:57:53","slug":"skupstina-danas-o-ibar-zakonima-uzivo","status":"publish","type":"post","link":"https:\/\/www.pcnen.com\/portal\/2024\/06\/04\/skupstina-danas-o-ibar-zakonima-uzivo\/","title":{"rendered":"Skup\u0161tina danas o IBAR zakonima (u\u017eivo)"},"content":{"rendered":"<p>Skup\u0161tina Crne Gore treba danas da razmatra takozvani set IBAR zakona.<\/p>\n<p>Vlada je te zakone usvojila pro\u0161le sedmice a onda je zasijedanje parlamenta dva puta odga\u0111ano zbog do danas nedovoljno poznatih razloga.<\/p>\n<p>Usvajanje zakona koji su uslov da Crna Gora dobije od Brisela IBAR na\u0161lo se pod sjenkom prijedloga Rezolucije o genocidu u Jasenovcu.<\/p>\n<p>Nju je, povodom Rezolucije o genocidu u Srebrenici, najprije pomenuo predsjednik Srbije Aleksandar Vu\u010di\u0107.<\/p>\n<p>Nakon toga, na inicijativu DNP-a Milana Kne\u017eevi\u0107a i NSD-a Andrije Mandi\u0107a, prijedlog Rezolucije o genocidu u Jasenovcu potpisalo je i Skup\u0161tini dostavilo 43-oje poslanika parlamentarne ve\u0107ine.<\/p>\n<p>Na sjednici Kolegijuma Skup\u0161tine koji po\u010dinje u 11 i 30h, prema nezvani\u010dnim informacijama Antene M, treba da bude odlu\u010deno ho\u0107e li se Rezolucija o genocidu u Jasenovcu na\u0107i na dnevnom redu Skup\u0161tine.<\/p>\n<p>Po\u010detak rasprave u plenumu zakazan je za podne.<\/p>\n<p>U najavi dana\u0161nje sjednice na sajtu Skup\u0161tine pi\u0161e: &#8220;Presjednik Skup\u0161tine Crne Gore Andrija Mandi\u0107 dnevni red \u0107e predlo\u017eiti na sjednici&#8221;.<\/p>\n<p>Hrvatska Vlada uputila je protestnu notu Crnoj Gori zbog inicijative za usvajanje Rezolucije o genocidu u Jasenovcu, podsje'a Antena M.<\/p>\n<p>Predsjednik Evropskog savjeta \u0160arl Mi\u0161el ju\u010de je napisao na mre\u017ei Iks\u00a0da je pravovremeno usvajanje zakona koji se odnose na proces dobijanja Izvje\u0161taja o procjeni ispunjenosti privremenih mjerila za poglavlja 23 i 24 (IBAR) za ispunjavanje privremenih standarda u poglavljima o vladavini prava sada klju\u010dno.<\/p>\n<p><iframe loading=\"lazy\" title=\"YouTube video player\" src=\"https:\/\/www.youtube.com\/embed\/BJZ12TdEw14?si=eoNpGfp0_rdpZBel\" width=\"560\" height=\"315\" frameborder=\"0\" allowfullscreen=\"allowfullscreen\"><\/iframe><\/p>\n","protected":false},"excerpt":{"rendered":"<p>Sedma sjednica Prvog redovnog (prolje\u0107njeg) zasijedanja u 2024. <\/p>\n","protected":false},"author":1,"featured_media":392088,"comment_status":"open","ping_status":"closed","sticky":false,"template":"","format":"standard","meta":{"_seopress_robots_primary_cat":"none","_seopress_titles_title":"","_seopress_titles_desc":"","_seopress_robots_index":"","_et_pb_use_builder":"","_et_pb_old_content":"","_et_gb_content_width":"","inline_featured_image":false,"footnotes":""},"categories":[14],"tags":[],"class_list":["post-403580","post","type-post","status-publish","format-standard","has-post-thumbnail","hentry","category-vijesti"],"_links":{"self":[{"href":"https:\/\/www.pcnen.com\/portal\/wp-json\/wp\/v2\/posts\/403580","targetHints":{"allow":["GET"]}}],"collection":[{"href":"https:\/\/www.pcnen.com\/portal\/wp-json\/wp\/v2\/posts"}],"about":[{"href":"https:\/\/www.pcnen.com\/portal\/wp-json\/wp\/v2\/types\/post"}],"author":[{"embeddable":true,"href":"https:\/\/www.pcnen.com\/portal\/wp-json\/wp\/v2\/users\/1"}],"replies":[{"embeddable":true,"href":"https:\/\/www.pcnen.com\/portal\/wp-json\/wp\/v2\/comments?post=403580"}],"version-history":[{"count":2,"href":"https:\/\/www.pcnen.com\/portal\/wp-json\/wp\/v2\/posts\/403580\/revisions"}],"predecessor-version":[{"id":403613,"href":"https:\/\/www.pcnen.com\/portal\/wp-json\/wp\/v2\/posts\/403580\/revisions\/403613"}],"wp:featuredmedia":[{"embeddable":true,"href":"https:\/\/www.pcnen.com\/portal\/wp-json\/wp\/v2\/media\/392088"}],"wp:attachment":[{"href":"https:\/\/www.pcnen.com\/portal\/wp-json\/wp\/v2\/media?parent=403580"}],"wp:term":[{"taxonomy":"category","embeddable":true,"href":"https:\/\/www.pcnen.com\/portal\/wp-json\/wp\/v2\/categories?post=403580"},{"taxonomy":"post_tag","embeddable":true,"href":"https:\/\/www.pcnen.com\/portal\/wp-json\/wp\/v2\/tags?post=403580"}],"curies":[{"name":"wp","href":"https:\/\/api.w.org\/{rel}","templated":true}]}}