{"id":403540,"date":"2024-06-03T19:45:43","date_gmt":"2024-06-03T17:45:43","guid":{"rendered":"https:\/\/www.pcnen.com\/portal\/?p=403540"},"modified":"2024-06-03T19:47:55","modified_gmt":"2024-06-03T17:47:55","slug":"koprivica-izjava-zivkovica-poziv-na-otpor-neophodna-reakcija-tuzilastva","status":"publish","type":"post","link":"https:\/\/www.pcnen.com\/portal\/2024\/06\/03\/koprivica-izjava-zivkovica-poziv-na-otpor-neophodna-reakcija-tuzilastva\/","title":{"rendered":"Koprivica: Izjava \u017divkovi\u0107a poziv na otpor, neophodna reakcija tu\u017eila\u0161tva"},"content":{"rendered":"<p>Potpredsjednik Vlade za politi\u010dki sistem, pravosu\u0111e i antikorupciju Momo Koprivica kazao je da dana\u0161nja izjava predsjednika DPS-a Danijela \u017divkovi\u0107a predstavlja poziv na otpor, te da je neophodna reakcija D\u017eravnog tu\u017eila\u0161tva.<\/p>\n<p>\u017divkovi\u0107\u00a0je rekao danas da \u0107e biti radikalan odgovor, ukoliko do\u0111e do hap\u0161enja \u0110ukanovi\u0107a, te da \u0107e se organizovati dovoljno dobro da takve naume sprije\u010de. Koprivica je naveo da su iz DPS-a jo\u0161 jednom pokazali da je Milo \u0110ukanovi\u0107 \u201estvarni gospodar te partije\u201c.<\/p>\n<p>On je u <a href=\"https:\/\/gradski.me\/koprivica-izjava-zivkovica-predstavlja-poziv-na-otpor-neophodna-reakcija-drzavnog-tuzilastva\/\">emisiji \u201cReferat\u201d na Gradskoj RTV<\/a> i Parlamentarnom kanalu naveo da izjavu \u017divkovi\u0107a posmatra sa pravnog i politi\u010dkog aspekta.<\/p>\n<p>&#8220;Radi se o jednoj vrlo neodgovornoj izjavi koja dokazuje da Demokratska partija socijalista nije pro\u0161la nikakvu reformu i koja jo\u0161 jednom pokazuje da je stvarni gospodar DPS-a \u2013 Milo \u0110ukanovi\u0107&#8221;,\u00a0 kazao je Koprivica.<\/p>\n<blockquote class=\"wp-embedded-content\" data-secret=\"A1RhyFrit3\"><p><a href=\"https:\/\/www.pcnen.com\/portal\/2024\/06\/03\/zivkovicukoliko-dodje-do-hapsenja-djukanovica-odgovor-ce-biti-radikalan\/\">\u017divkovi\u0107: Ukoliko do\u0111e do hap\u0161enja \u0110ukanovi\u0107a, odgovor \u0107e biti radikalan<\/a><\/p><\/blockquote>\n<p><iframe loading=\"lazy\" class=\"wp-embedded-content\" sandbox=\"allow-scripts\" security=\"restricted\" style=\"position: absolute; clip: rect(1px, 1px, 1px, 1px);\" title=\"&#8220;\u017divkovi\u0107: Ukoliko do\u0111e do hap\u0161enja \u0110ukanovi\u0107a, odgovor \u0107e biti radikalan&#8221; &#8212; PCNEN\" src=\"https:\/\/www.pcnen.com\/portal\/2024\/06\/03\/zivkovicukoliko-dodje-do-hapsenja-djukanovica-odgovor-ce-biti-radikalan\/embed\/#?secret=4qNqwZ2psW#?secret=A1RhyFrit3\" data-secret=\"A1RhyFrit3\" width=\"600\" height=\"338\" frameborder=\"0\" marginwidth=\"0\" marginheight=\"0\" scrolling=\"no\"><\/iframe><\/p>\n","protected":false},"excerpt":{"rendered":"<p>Potpredsjednik Vlade za politi\u010dki sistem, pravosu\u0111e i antikorupciju Momo Koprivica kazao je da dana\u0161nja izjava predsjednika DPS-a Danijela \u017divkovi\u0107a predstavlja poziv na otpor, te da je neophodna reakcija D\u017eravnog tu\u017eila\u0161tva.<\/p>\n","protected":false},"author":1,"featured_media":294576,"comment_status":"open","ping_status":"closed","sticky":false,"template":"","format":"standard","meta":{"_seopress_robots_primary_cat":"none","_seopress_titles_title":"","_seopress_titles_desc":"","_seopress_robots_index":"","_et_pb_use_builder":"","_et_pb_old_content":"","_et_gb_content_width":"","inline_featured_image":false,"footnotes":""},"categories":[14],"tags":[],"class_list":["post-403540","post","type-post","status-publish","format-standard","has-post-thumbnail","hentry","category-vijesti"],"_links":{"self":[{"href":"https:\/\/www.pcnen.com\/portal\/wp-json\/wp\/v2\/posts\/403540","targetHints":{"allow":["GET"]}}],"collection":[{"href":"https:\/\/www.pcnen.com\/portal\/wp-json\/wp\/v2\/posts"}],"about":[{"href":"https:\/\/www.pcnen.com\/portal\/wp-json\/wp\/v2\/types\/post"}],"author":[{"embeddable":true,"href":"https:\/\/www.pcnen.com\/portal\/wp-json\/wp\/v2\/users\/1"}],"replies":[{"embeddable":true,"href":"https:\/\/www.pcnen.com\/portal\/wp-json\/wp\/v2\/comments?post=403540"}],"version-history":[{"count":2,"href":"https:\/\/www.pcnen.com\/portal\/wp-json\/wp\/v2\/posts\/403540\/revisions"}],"predecessor-version":[{"id":403544,"href":"https:\/\/www.pcnen.com\/portal\/wp-json\/wp\/v2\/posts\/403540\/revisions\/403544"}],"wp:featuredmedia":[{"embeddable":true,"href":"https:\/\/www.pcnen.com\/portal\/wp-json\/wp\/v2\/media\/294576"}],"wp:attachment":[{"href":"https:\/\/www.pcnen.com\/portal\/wp-json\/wp\/v2\/media?parent=403540"}],"wp:term":[{"taxonomy":"category","embeddable":true,"href":"https:\/\/www.pcnen.com\/portal\/wp-json\/wp\/v2\/categories?post=403540"},{"taxonomy":"post_tag","embeddable":true,"href":"https:\/\/www.pcnen.com\/portal\/wp-json\/wp\/v2\/tags?post=403540"}],"curies":[{"name":"wp","href":"https:\/\/api.w.org\/{rel}","templated":true}]}}